{"id":68730,"date":"2026-01-14T10:01:40","date_gmt":"2026-01-14T16:01:40","guid":{"rendered":"https:\/\/copades.com\/monec\/?p=68730"},"modified":"2026-01-14T10:01:40","modified_gmt":"2026-01-14T16:01:40","slug":"persiguen-reforzar-el-sistema-electrico","status":"publish","type":"post","link":"https:\/\/copades.com\/monec\/?p=68730","title":{"rendered":"Persiguen reforzar el sistema el\u00e9ctrico"},"content":{"rendered":"<p style=\"text-align: justify;\">Derivado del aumento en la demanda del fluido el\u00e9ctrico, que crece a un ritmo m\u00e1s alto que la capacidad instalada y el cual se ha duplicado en las \u00faltimas dos d\u00e9cadas y la variabilidad clim\u00e1tica, el Ministerio de Energ\u00eda y Minas (MEM) actualiz\u00f3 el Plan de Expansi\u00f3n Indicativo del Sistema de Generaci\u00f3n y el Plan de Expansi\u00f3n del Sistema de Transporte 2026-2050. Estos planteamientos le apuestan a proporcionar infraestructura con mayor capacidad. El an\u00e1lisis efectuado determin\u00f3 que los departamentos con bajo \u00edndice de electrificaci\u00f3n, como Quich\u00e9, Huehuetenango y las Verapaces, coinciden de forma geogr\u00e1fica con las \u00e1reas que poseen menores redes de transmisi\u00f3n. Asimismo, identific\u00f3 lugares que requieren un refuerzo, como la regi\u00f3n de Pet\u00e9n y Livingston, que debido al incremento poblacional y la carga tur\u00edstica hace que el sistema sea insuficiente para atender el servicio requerido. Por ello, plantea la necesidad de crear subestaciones en alta tensi\u00f3n que mejoren la calidad. <strong>Gabriel Vel\u00e1squez<\/strong>, jefe de la Unidad de Planeaci\u00f3n Energ\u00e9tico-Minero, quien tuvo a su cargo la presentaci\u00f3n, destac\u00f3 que el espacio de reserva energ\u00e9tica de la naci\u00f3n se redujo. \u201cEntre 2015 y 2019 la relaci\u00f3n potencia instalada y demanda m\u00e1xima alcanz\u00f3 valores de 2.0, que quiere decir que \u00edbamos bien, pero a partir de 2020 esta comparaci\u00f3n empez\u00f3 a disminuir a a 1.68 en 2024, lo cual resalta la necesidad de nuevas incorporaciones de generaci\u00f3n\u201d, afirm\u00f3. Para fortalecer el Sistema Nacional Interconectado se recomienda instalar 136 subestaciones en 69 mil voltios (kV); 4, en 138 kV; 25, en 230 kV, y 7, en 400 kV (vea tabla: Obras proyectadas). Respecto de las l\u00edneas de transmisi\u00f3n, se persigue duplicar la red de 69 kV y construir 2 mil kil\u00f3metros en 230 kV para conectar con fuentes de producci\u00f3n amigables con el medioambiente; entre ellas, energ\u00eda solar, e\u00f3lica y gas natural. (DCA 14.01.26)<\/p>\n","protected":false},"excerpt":{"rendered":"<p>Derivado del aumento en la demanda del fluido el\u00e9ctrico, que crece a un ritmo m\u00e1s alto que la capacidad instalada y el cual se ha duplicado en las \u00faltimas dos d\u00e9cadas y la variabilidad&#46;&#46;&#46;<\/p>\n","protected":false},"author":1,"featured_media":51510,"comment_status":"open","ping_status":"closed","sticky":false,"template":"","format":"standard","meta":{"footnotes":""},"categories":[14],"tags":[],"class_list":["post-68730","post","type-post","status-publish","format-standard","has-post-thumbnail","hentry","category-energia-electrica"],"_links":{"self":[{"href":"https:\/\/copades.com\/monec\/index.php?rest_route=\/wp\/v2\/posts\/68730","targetHints":{"allow":["GET"]}}],"collection":[{"href":"https:\/\/copades.com\/monec\/index.php?rest_route=\/wp\/v2\/posts"}],"about":[{"href":"https:\/\/copades.com\/monec\/index.php?rest_route=\/wp\/v2\/types\/post"}],"author":[{"embeddable":true,"href":"https:\/\/copades.com\/monec\/index.php?rest_route=\/wp\/v2\/users\/1"}],"replies":[{"embeddable":true,"href":"https:\/\/copades.com\/monec\/index.php?rest_route=%2Fwp%2Fv2%2Fcomments&post=68730"}],"version-history":[{"count":1,"href":"https:\/\/copades.com\/monec\/index.php?rest_route=\/wp\/v2\/posts\/68730\/revisions"}],"predecessor-version":[{"id":68731,"href":"https:\/\/copades.com\/monec\/index.php?rest_route=\/wp\/v2\/posts\/68730\/revisions\/68731"}],"wp:featuredmedia":[{"embeddable":true,"href":"https:\/\/copades.com\/monec\/index.php?rest_route=\/wp\/v2\/media\/51510"}],"wp:attachment":[{"href":"https:\/\/copades.com\/monec\/index.php?rest_route=%2Fwp%2Fv2%2Fmedia&parent=68730"}],"wp:term":[{"taxonomy":"category","embeddable":true,"href":"https:\/\/copades.com\/monec\/index.php?rest_route=%2Fwp%2Fv2%2Fcategories&post=68730"},{"taxonomy":"post_tag","embeddable":true,"href":"https:\/\/copades.com\/monec\/index.php?rest_route=%2Fwp%2Fv2%2Ftags&post=68730"}],"curies":[{"name":"wp","href":"https:\/\/api.w.org\/{rel}","templated":true}]}}