{"id":68741,"date":"2026-01-15T10:17:09","date_gmt":"2026-01-15T16:17:09","guid":{"rendered":"https:\/\/copades.com\/monec\/?p=68741"},"modified":"2026-01-15T10:17:09","modified_gmt":"2026-01-15T16:17:09","slug":"la-economia-de-alemania-rompe-2-anos-de-recesion-con-modesto-crecimiento-en-2025","status":"publish","type":"post","link":"https:\/\/copades.com\/monec\/?p=68741","title":{"rendered":"La econom\u00eda de Alemania rompe 2 a\u00f1os de recesi\u00f3n con modesto crecimiento en 2025"},"content":{"rendered":"<p style=\"text-align: justify;\">La econom\u00eda alemana creci\u00f3 un 0.2% en 2025, dijo este jueves la Oficina Federal de Estad\u00edstica, la primera expansi\u00f3n en tres a\u00f1os, a medida que los consumidores y el gasto p\u00fablico comienzan a impulsar una recuperaci\u00f3n hasta ahora lenta. La mayor econom\u00eda de Europa se estanc\u00f3 cuando su vasto sector industrial qued\u00f3 excluido de los principales mercados de exportaci\u00f3n y los consumidores optaron por ahorrar en lugar de gastar. El canciller <strong>Friedrich Merz<\/strong> ?ha puesto en marcha un enorme plan de gasto para impulsar las perspectivas econ\u00f3micas, pero est\u00e1 tardando en llegar a la econom\u00eda. \u00abTras dos a\u00f1os de recesi\u00f3n, la econom\u00eda alemana ha vuelto a crecer. El crecimiento se debe sobre todo al aumento del consumo de los hogares y del gasto ?p\u00fablico\u00bb, dijo <strong>Ruth Brand<\/strong>, presidenta de la Oficina Federal de Estad\u00edstica. El aumento del PIB en 2025 se ajust\u00f3 a las previsiones de los analistas consultados por Reuters. La econom\u00eda creci\u00f3 un 0.2% en el \u00faltimo trimestre de 2025. El consumo de los hogares aument\u00f3 en 2025 un 1.4% ajustado a los precios, mientras que el gasto p\u00fablico creci\u00f3 un 1.5% ajustado a los precios, seg\u00fan la oficina de estad\u00edstica. Sin embargo, la inversi\u00f3n descendi\u00f3 un 0.5% respecto al a\u00f1o anterior. (eleconomista.com.mx 15.01.26)<\/p>\n","protected":false},"excerpt":{"rendered":"<p>La econom\u00eda alemana creci\u00f3 un 0.2% en 2025, dijo este jueves la Oficina Federal de Estad\u00edstica, la primera expansi\u00f3n en tres a\u00f1os, a medida que los consumidores y el gasto p\u00fablico comienzan a impulsar&#46;&#46;&#46;<\/p>\n","protected":false},"author":1,"featured_media":52823,"comment_status":"open","ping_status":"closed","sticky":false,"template":"","format":"standard","meta":{"footnotes":""},"categories":[55],"tags":[],"class_list":["post-68741","post","type-post","status-publish","format-standard","has-post-thumbnail","hentry","category-internacionales-seleccion"],"_links":{"self":[{"href":"https:\/\/copades.com\/monec\/index.php?rest_route=\/wp\/v2\/posts\/68741","targetHints":{"allow":["GET"]}}],"collection":[{"href":"https:\/\/copades.com\/monec\/index.php?rest_route=\/wp\/v2\/posts"}],"about":[{"href":"https:\/\/copades.com\/monec\/index.php?rest_route=\/wp\/v2\/types\/post"}],"author":[{"embeddable":true,"href":"https:\/\/copades.com\/monec\/index.php?rest_route=\/wp\/v2\/users\/1"}],"replies":[{"embeddable":true,"href":"https:\/\/copades.com\/monec\/index.php?rest_route=%2Fwp%2Fv2%2Fcomments&post=68741"}],"version-history":[{"count":1,"href":"https:\/\/copades.com\/monec\/index.php?rest_route=\/wp\/v2\/posts\/68741\/revisions"}],"predecessor-version":[{"id":68742,"href":"https:\/\/copades.com\/monec\/index.php?rest_route=\/wp\/v2\/posts\/68741\/revisions\/68742"}],"wp:featuredmedia":[{"embeddable":true,"href":"https:\/\/copades.com\/monec\/index.php?rest_route=\/wp\/v2\/media\/52823"}],"wp:attachment":[{"href":"https:\/\/copades.com\/monec\/index.php?rest_route=%2Fwp%2Fv2%2Fmedia&parent=68741"}],"wp:term":[{"taxonomy":"category","embeddable":true,"href":"https:\/\/copades.com\/monec\/index.php?rest_route=%2Fwp%2Fv2%2Fcategories&post=68741"},{"taxonomy":"post_tag","embeddable":true,"href":"https:\/\/copades.com\/monec\/index.php?rest_route=%2Fwp%2Fv2%2Ftags&post=68741"}],"curies":[{"name":"wp","href":"https:\/\/api.w.org\/{rel}","templated":true}]}}