{"id":68745,"date":"2026-01-15T10:18:20","date_gmt":"2026-01-15T16:18:20","guid":{"rendered":"https:\/\/copades.com\/monec\/?p=68745"},"modified":"2026-01-15T10:18:20","modified_gmt":"2026-01-15T16:18:20","slug":"bukele-propone-al-congreso-ley-para-pago-extra-del-50-del-salario-a-trabajadores-en-enero","status":"publish","type":"post","link":"https:\/\/copades.com\/monec\/?p=68745","title":{"rendered":"Bukele propone al Congreso ley para pago extra del 50% del salario a trabajadores en enero"},"content":{"rendered":"<p style=\"text-align: justify;\">El presidente de El Salvador, <strong>Nayib Bukele<\/strong>, inform\u00f3 el martes que envi\u00f3 al Congreso, de ampl\u00eda mayor\u00eda oficialista, una propuesta de ley para otorgar a los trabajadores un pago extra equivalente al 50 % de la primera quincena de enero, que las empresas se podr\u00e1n deducir del pago de impuestos en 2026. \u201cEs una medida concreta para fortalecer el ingreso de las familias salvadore\u00f1as y dinamizar la econom\u00eda del pa\u00eds en enero, un mes que hist\u00f3ricamente es dif\u00edcil para muchos hogares\u201d, escribi\u00f3 Bukele en X. La llamada Ley Quincena 25 implica \u201cun ingreso complementario equivalente al 50% del salario mensual\u201d, que \u201cse pagar\u00e1 entre el 15 y el 25 de enero a trabajadores del sector p\u00fablico y privado que ganan hasta 1.500 d\u00f3lares\u201d. Agreg\u00f3 que este pago ser\u00e1 exento del pago del impuesto sobre la renta, seguro social y cotizaci\u00f3n del ahorro de pensiones. \u201cA partir de enero de 2026, el Gobierno ser\u00e1 el primero en cumplir esta ley con todos los empleados p\u00fablicos. En el sector privado, la implementaci\u00f3n ser\u00e1 gradual, responsable y enfocada en proteger el empleo\u201d, sostuvo Bukele. A\u00f1adi\u00f3 que este a\u00f1o \u201cel pago ser\u00e1 voluntario\u201d para las empresas privadas, pero \u201ccontar\u00e1 con un incentivo fiscal que permitir\u00e1 a las empresas deducir el 100% del monto otorgado del Impuesto sobre la renta\u201d. Un video explicativo compartido por Bukele en esta misma publicaci\u00f3n indica que para 2027 ser\u00e1 obligatorio el pago para las empresas privadas. (forbescentroamerica.com 15.01.26)<\/p>\n","protected":false},"excerpt":{"rendered":"<p>El presidente de El Salvador, Nayib Bukele, inform\u00f3 el martes que envi\u00f3 al Congreso, de ampl\u00eda mayor\u00eda oficialista, una propuesta de ley para otorgar a los trabajadores un pago extra equivalente al 50 %&#46;&#46;&#46;<\/p>\n","protected":false},"author":1,"featured_media":49290,"comment_status":"open","ping_status":"closed","sticky":false,"template":"","format":"standard","meta":{"footnotes":""},"categories":[54],"tags":[],"class_list":["post-68745","post","type-post","status-publish","format-standard","has-post-thumbnail","hentry","category-centroamerica-seleccion"],"_links":{"self":[{"href":"https:\/\/copades.com\/monec\/index.php?rest_route=\/wp\/v2\/posts\/68745","targetHints":{"allow":["GET"]}}],"collection":[{"href":"https:\/\/copades.com\/monec\/index.php?rest_route=\/wp\/v2\/posts"}],"about":[{"href":"https:\/\/copades.com\/monec\/index.php?rest_route=\/wp\/v2\/types\/post"}],"author":[{"embeddable":true,"href":"https:\/\/copades.com\/monec\/index.php?rest_route=\/wp\/v2\/users\/1"}],"replies":[{"embeddable":true,"href":"https:\/\/copades.com\/monec\/index.php?rest_route=%2Fwp%2Fv2%2Fcomments&post=68745"}],"version-history":[{"count":1,"href":"https:\/\/copades.com\/monec\/index.php?rest_route=\/wp\/v2\/posts\/68745\/revisions"}],"predecessor-version":[{"id":68746,"href":"https:\/\/copades.com\/monec\/index.php?rest_route=\/wp\/v2\/posts\/68745\/revisions\/68746"}],"wp:featuredmedia":[{"embeddable":true,"href":"https:\/\/copades.com\/monec\/index.php?rest_route=\/wp\/v2\/media\/49290"}],"wp:attachment":[{"href":"https:\/\/copades.com\/monec\/index.php?rest_route=%2Fwp%2Fv2%2Fmedia&parent=68745"}],"wp:term":[{"taxonomy":"category","embeddable":true,"href":"https:\/\/copades.com\/monec\/index.php?rest_route=%2Fwp%2Fv2%2Fcategories&post=68745"},{"taxonomy":"post_tag","embeddable":true,"href":"https:\/\/copades.com\/monec\/index.php?rest_route=%2Fwp%2Fv2%2Ftags&post=68745"}],"curies":[{"name":"wp","href":"https:\/\/api.w.org\/{rel}","templated":true}]}}