{"id":68768,"date":"2026-01-16T10:01:35","date_gmt":"2026-01-16T16:01:35","guid":{"rendered":"https:\/\/copades.com\/monec\/?p=68768"},"modified":"2026-01-16T10:01:35","modified_gmt":"2026-01-16T16:01:35","slug":"canada-y-china-alcanzan-acuerdo-comercial-inicial-sobre-aranceles-a-los-autos-electricos-y-la-colza","status":"publish","type":"post","link":"https:\/\/copades.com\/monec\/?p=68768","title":{"rendered":"Canad\u00e1 y China alcanzan acuerdo comercial inicial sobre aranceles a los autos el\u00e9ctricos y la colza"},"content":{"rendered":"<p style=\"text-align: justify;\">Canad\u00e1 y China han alcanzado un acuerdo comercial inicial para recortar los aranceles sobre los veh\u00edculos el\u00e9ctricos y la colza, dijo este viernes el primer ministro <strong>Mark Carney<\/strong>, mientras ambos pa\u00edses promet\u00edan derribar las barreras comerciales al tiempo que forjaban nuevos lazos estrat\u00e9gicos. Carney, el primer jefe de Gobierno canadiense en visitar China desde 2017, trat\u00f3 de reconstruir los lazos con el segundo mayor socio comercial de su pa\u00eds despu\u00e9s de Estados Unidos tras meses de esfuerzos diplom\u00e1ticos. Canad\u00e1 permitir\u00e1 inicialmente la entrada de hasta 49,000 veh\u00edculos el\u00e9ctricos chinos con un arancel del 6.1% en t\u00e9rminos de naci\u00f3n m\u00e1s favorecida, dijo Carney tras conversaciones con l\u00edderes chinos, incluido el presidente <strong>Xi Jinping<\/strong>. No especific\u00f3 ning\u00fan periodo de tiempo. \u00abSe trata ?de una vuelta a los niveles anteriores a las recientes fricciones comerciales, pero en el marco de un acuerdo que promete mucho m\u00e1s ?para los canadienses\u00bb, dijo a la prensa en Pek\u00edn. La cifra se compara con un arancel del 100% a los veh\u00edculos el\u00e9ctricos chinos impuesto por el Gobierno del exprimer ministro <strong>Justin Trudeau<\/strong> en 2024, tras sanciones similares de Estados Unidos. En 2023, China export\u00f3 41,678 veh\u00edculos el\u00e9ctricos a Canad\u00e1. Trudeau justific\u00f3 el arancel por la injusta ventaja en ?el mercado mundial de los fabricantes chinos que se benefician de subvenciones estatales, un escenario amenazador para la industria nacional. (eleconomista.com.mx 16.01.26)<\/p>\n","protected":false},"excerpt":{"rendered":"<p>Canad\u00e1 y China han alcanzado un acuerdo comercial inicial para recortar los aranceles sobre los veh\u00edculos el\u00e9ctricos y la colza, dijo este viernes el primer ministro Mark Carney, mientras ambos pa\u00edses promet\u00edan derribar las&#46;&#46;&#46;<\/p>\n","protected":false},"author":1,"featured_media":47860,"comment_status":"open","ping_status":"closed","sticky":false,"template":"","format":"standard","meta":{"footnotes":""},"categories":[55],"tags":[],"class_list":["post-68768","post","type-post","status-publish","format-standard","has-post-thumbnail","hentry","category-internacionales-seleccion"],"_links":{"self":[{"href":"https:\/\/copades.com\/monec\/index.php?rest_route=\/wp\/v2\/posts\/68768","targetHints":{"allow":["GET"]}}],"collection":[{"href":"https:\/\/copades.com\/monec\/index.php?rest_route=\/wp\/v2\/posts"}],"about":[{"href":"https:\/\/copades.com\/monec\/index.php?rest_route=\/wp\/v2\/types\/post"}],"author":[{"embeddable":true,"href":"https:\/\/copades.com\/monec\/index.php?rest_route=\/wp\/v2\/users\/1"}],"replies":[{"embeddable":true,"href":"https:\/\/copades.com\/monec\/index.php?rest_route=%2Fwp%2Fv2%2Fcomments&post=68768"}],"version-history":[{"count":1,"href":"https:\/\/copades.com\/monec\/index.php?rest_route=\/wp\/v2\/posts\/68768\/revisions"}],"predecessor-version":[{"id":68769,"href":"https:\/\/copades.com\/monec\/index.php?rest_route=\/wp\/v2\/posts\/68768\/revisions\/68769"}],"wp:featuredmedia":[{"embeddable":true,"href":"https:\/\/copades.com\/monec\/index.php?rest_route=\/wp\/v2\/media\/47860"}],"wp:attachment":[{"href":"https:\/\/copades.com\/monec\/index.php?rest_route=%2Fwp%2Fv2%2Fmedia&parent=68768"}],"wp:term":[{"taxonomy":"category","embeddable":true,"href":"https:\/\/copades.com\/monec\/index.php?rest_route=%2Fwp%2Fv2%2Fcategories&post=68768"},{"taxonomy":"post_tag","embeddable":true,"href":"https:\/\/copades.com\/monec\/index.php?rest_route=%2Fwp%2Fv2%2Ftags&post=68768"}],"curies":[{"name":"wp","href":"https:\/\/api.w.org\/{rel}","templated":true}]}}