{"id":68772,"date":"2026-01-16T10:02:47","date_gmt":"2026-01-16T16:02:47","guid":{"rendered":"https:\/\/copades.com\/monec\/?p=68772"},"modified":"2026-01-16T10:02:47","modified_gmt":"2026-01-16T16:02:47","slug":"panama-anunciara-en-junio-destino-de-la-mina-de-cobre-de-10000-mdd-cerrada","status":"publish","type":"post","link":"https:\/\/copades.com\/monec\/?p=68772","title":{"rendered":"Panam\u00e1 anunciar\u00e1 en junio destino de la mina de cobre de 10,000 mdd cerrada"},"content":{"rendered":"<p style=\"text-align: justify;\">El presidente de Panam\u00e1, <strong>Jos\u00e9 Ra\u00fal Mulino<\/strong>, dijo este jueves que \u201cconf\u00eda\u201d en que en junio pr\u00f3ximo su Gobierno anunciar\u00e1 la decisi\u00f3n sobre una mina de cobre de 10,000 millones de d\u00f3lares que fue inhabilitada por orden judicial hace m\u00e1s de dos a\u00f1os. \u201cYo espero y conf\u00edo que para junio anunciamos al pa\u00eds la decisi\u00f3n tomada por el Gobierno\u201d respecto a la mina Cobre Panam\u00e1, operada por Minera Panam\u00e1, filial de la canadiense <em>First Quantum Minerals<\/em>, declar\u00f3 el jefe de Estado en su conferencia de prensa semanal. La mina a cielo abierto, que en el 2022 produjo el 2 % del mineral a nivel mundial, qued\u00f3 inhabilitada luego de que el contrato de concesi\u00f3n fue declarado inconstitucional en noviembre de 2023 por la Corte Suprema de Justicia porque violaba 25 art\u00edculos constitucionales. Esta decisi\u00f3n judicial, tomada casi 15 a\u00f1os despu\u00e9s de que ambientalistas denunciaran el contrato de concesi\u00f3n, se concret\u00f3 en medio de las mayores protestas p\u00fablicas en Panam\u00e1 en d\u00e9cadas, que mezclaron un rechazo a la miner\u00eda y al gobierno del entonces presidente <strong>Laurentino Cortizo<\/strong> (2019-2024\/ Partido Revolucionario Democr\u00e1tico). En el marco de un plan de mantenimiento cuya ejecuci\u00f3n orden\u00f3 el Gobierno a finales de mayo pasado, \u201cla mina est\u00e1 siendo atendida por expertos\u201d, recalc\u00f3 Mulino, y reiter\u00f3 que est\u00e1 a la espera de una asesor\u00eda t\u00e9cnica ofrecida por Chile, que cuenta con una industria minera de cobre estatal \u201cmuy grande\u201d. La mina Cobre Panam\u00e1, de cerca de 13.000 hect\u00e1reas, era la \u00fanica explotaci\u00f3n de este mineral en el pa\u00eds centroamericano. Representaba 7.000 empleos directos y cerca de 30.000 indirectos, de acuerdo con las cifras del Ejecutivo paname\u00f1o y de la empresa, que sit\u00faan adem\u00e1s en unos 10.000 de d\u00f3lares la inversi\u00f3n. (forbescentroamerica.com 16.01.26)<\/p>\n","protected":false},"excerpt":{"rendered":"<p>El presidente de Panam\u00e1, Jos\u00e9 Ra\u00fal Mulino, dijo este jueves que \u201cconf\u00eda\u201d en que en junio pr\u00f3ximo su Gobierno anunciar\u00e1 la decisi\u00f3n sobre una mina de cobre de 10,000 millones de d\u00f3lares que fue&#46;&#46;&#46;<\/p>\n","protected":false},"author":1,"featured_media":47917,"comment_status":"open","ping_status":"closed","sticky":false,"template":"","format":"standard","meta":{"footnotes":""},"categories":[54],"tags":[],"class_list":["post-68772","post","type-post","status-publish","format-standard","has-post-thumbnail","hentry","category-centroamerica-seleccion"],"_links":{"self":[{"href":"https:\/\/copades.com\/monec\/index.php?rest_route=\/wp\/v2\/posts\/68772","targetHints":{"allow":["GET"]}}],"collection":[{"href":"https:\/\/copades.com\/monec\/index.php?rest_route=\/wp\/v2\/posts"}],"about":[{"href":"https:\/\/copades.com\/monec\/index.php?rest_route=\/wp\/v2\/types\/post"}],"author":[{"embeddable":true,"href":"https:\/\/copades.com\/monec\/index.php?rest_route=\/wp\/v2\/users\/1"}],"replies":[{"embeddable":true,"href":"https:\/\/copades.com\/monec\/index.php?rest_route=%2Fwp%2Fv2%2Fcomments&post=68772"}],"version-history":[{"count":1,"href":"https:\/\/copades.com\/monec\/index.php?rest_route=\/wp\/v2\/posts\/68772\/revisions"}],"predecessor-version":[{"id":68773,"href":"https:\/\/copades.com\/monec\/index.php?rest_route=\/wp\/v2\/posts\/68772\/revisions\/68773"}],"wp:featuredmedia":[{"embeddable":true,"href":"https:\/\/copades.com\/monec\/index.php?rest_route=\/wp\/v2\/media\/47917"}],"wp:attachment":[{"href":"https:\/\/copades.com\/monec\/index.php?rest_route=%2Fwp%2Fv2%2Fmedia&parent=68772"}],"wp:term":[{"taxonomy":"category","embeddable":true,"href":"https:\/\/copades.com\/monec\/index.php?rest_route=%2Fwp%2Fv2%2Fcategories&post=68772"},{"taxonomy":"post_tag","embeddable":true,"href":"https:\/\/copades.com\/monec\/index.php?rest_route=%2Fwp%2Fv2%2Ftags&post=68772"}],"curies":[{"name":"wp","href":"https:\/\/api.w.org\/{rel}","templated":true}]}}