{"id":68776,"date":"2026-01-16T10:04:06","date_gmt":"2026-01-16T16:04:06","guid":{"rendered":"https:\/\/copades.com\/monec\/?p=68776"},"modified":"2026-01-16T10:04:06","modified_gmt":"2026-01-16T16:04:06","slug":"magistrados-de-la-cc-mantienen-vigente-ley-de-codedes","status":"publish","type":"post","link":"https:\/\/copades.com\/monec\/?p=68776","title":{"rendered":"Magistrados de la CC mantienen vigente Ley de Codedes"},"content":{"rendered":"<p style=\"text-align: justify;\">La Corte de Constitucionalidad (CC) resolvi\u00f3 no aceptar acciones de amparo ni una inconstitucionalidad para frenar la vigencia del Decreto 07-2025, Ley de Codedes. Los magistrados <strong>Leyla Lemus<\/strong>, <strong>Roberto<\/strong> <strong>Molina Barreto<\/strong>, <strong>H\u00e9ctor Hugo P\u00e9rez Aguilera<\/strong> y <strong>Dina Ochoa<\/strong>, junto con suplentes <strong>Claudia Paniagua<\/strong> y <strong>Edwin L\u00f3pez Rodr\u00edguez<\/strong>, mantienen la ley que dota de recursos a los Consejos Departamentales de Desarrollo (Codedes) arrastrando los fondos no utilizados por dos a\u00f1os, as\u00ed como reduce los controles para la ejecuci\u00f3n de obras, es decir, los avales. La alta corte deneg\u00f3 entonces la solicitud de amparo al presidente de la Rep\u00fablica, <strong>Bernardo Ar\u00e9valo<\/strong> en su acci\u00f3n contra el pleno del Congreso, pero tambi\u00e9n las acciones de las dos facciones de la bancada oficialista, de acuerdo con el expediente que conocieron los magistrados este jueves 15 de enero. Asimismo, la acci\u00f3n de amparo que presentaron los tres diputados de la bancada Voluntad, Oportunidad y Solidaridad (VOS), fue a\u00f1adida al expediente que no acept\u00f3 la CC. Luego de la entrada en vigencia del decreto, debido al fallo de la presidencia en su redacci\u00f3n del veto, un grupo de abogados presentaron entonces una inconstitucionalidad ante la CC para dejar sin efecto la legislaci\u00f3n. Siendo este integrado por los comisionados para el Tribunal Supremo Electora (TSE), <strong>Gregorio Saavedra<\/strong> y <strong>Edgar Ortiz<\/strong>, y tambi\u00e9n el candidato a magistrado suplente de la Corte de Constitucionalidad (CC), <strong>Luis Bermejo<\/strong>. (LH 16.01.26)<\/p>\n","protected":false},"excerpt":{"rendered":"<p>La Corte de Constitucionalidad (CC) resolvi\u00f3 no aceptar acciones de amparo ni una inconstitucionalidad para frenar la vigencia del Decreto 07-2025, Ley de Codedes. Los magistrados Leyla Lemus, Roberto Molina Barreto, H\u00e9ctor Hugo P\u00e9rez&#46;&#46;&#46;<\/p>\n","protected":false},"author":1,"featured_media":62079,"comment_status":"open","ping_status":"closed","sticky":false,"template":"","format":"standard","meta":{"footnotes":""},"categories":[41],"tags":[],"class_list":["post-68776","post","type-post","status-publish","format-standard","has-post-thumbnail","hentry","category-finanzas-publicas"],"_links":{"self":[{"href":"https:\/\/copades.com\/monec\/index.php?rest_route=\/wp\/v2\/posts\/68776","targetHints":{"allow":["GET"]}}],"collection":[{"href":"https:\/\/copades.com\/monec\/index.php?rest_route=\/wp\/v2\/posts"}],"about":[{"href":"https:\/\/copades.com\/monec\/index.php?rest_route=\/wp\/v2\/types\/post"}],"author":[{"embeddable":true,"href":"https:\/\/copades.com\/monec\/index.php?rest_route=\/wp\/v2\/users\/1"}],"replies":[{"embeddable":true,"href":"https:\/\/copades.com\/monec\/index.php?rest_route=%2Fwp%2Fv2%2Fcomments&post=68776"}],"version-history":[{"count":1,"href":"https:\/\/copades.com\/monec\/index.php?rest_route=\/wp\/v2\/posts\/68776\/revisions"}],"predecessor-version":[{"id":68777,"href":"https:\/\/copades.com\/monec\/index.php?rest_route=\/wp\/v2\/posts\/68776\/revisions\/68777"}],"wp:featuredmedia":[{"embeddable":true,"href":"https:\/\/copades.com\/monec\/index.php?rest_route=\/wp\/v2\/media\/62079"}],"wp:attachment":[{"href":"https:\/\/copades.com\/monec\/index.php?rest_route=%2Fwp%2Fv2%2Fmedia&parent=68776"}],"wp:term":[{"taxonomy":"category","embeddable":true,"href":"https:\/\/copades.com\/monec\/index.php?rest_route=%2Fwp%2Fv2%2Fcategories&post=68776"},{"taxonomy":"post_tag","embeddable":true,"href":"https:\/\/copades.com\/monec\/index.php?rest_route=%2Fwp%2Fv2%2Ftags&post=68776"}],"curies":[{"name":"wp","href":"https:\/\/api.w.org\/{rel}","templated":true}]}}