{"id":68835,"date":"2026-01-20T10:09:59","date_gmt":"2026-01-20T16:09:59","guid":{"rendered":"https:\/\/copades.com\/monec\/?p=68835"},"modified":"2026-01-20T10:09:59","modified_gmt":"2026-01-20T16:09:59","slug":"en-cinco-anos-aumento-exponencialmente-la-presentacion-de-planillas-del-iva","status":"publish","type":"post","link":"https:\/\/copades.com\/monec\/?p=68835","title":{"rendered":"En cinco a\u00f1os aument\u00f3 exponencialmente la presentaci\u00f3n de planillas del IVA"},"content":{"rendered":"<p style=\"text-align: justify;\">Los trabajadores en relaci\u00f3n de dependencia presentaron 276 mil planillas del IVA correspondientes al ejercicio fiscal del 2025, generadas de manera autom\u00e1tica desde la Agencia Virtual (AV), una raz\u00f3n que motiv\u00f3 al cumplimiento, seg\u00fan la SAT. La Superintendencia de Administraci\u00f3n Tributaria (SAT) report\u00f3 la recepci\u00f3n de 276 mil 733 planillas del impuesto al valor agregado (IVA) por parte de contribuyentes asalariados, seg\u00fan el recuento oficial. Este documento se genera autom\u00e1ticamente desde la Agencia Virtual de los contribuyentes, lo que ha facilitado su presentaci\u00f3n, inform\u00f3 la SAT. La cifra supera a la registrada en el 2024, cuando se presentaron 203 mil 149 planillas, y a la del 2023, con 152 mil 736 documentos. El uso de las Facturas Electr\u00f3nicas en L\u00ednea (FEL) permite generar la planilla de forma autom\u00e1tica, lo que ha impulsado el inter\u00e9s de los trabajadores en el r\u00e9gimen por dependencia para cumplir con su declaraci\u00f3n anual. Entre el 2021 y el 2025, el n\u00famero de planillas creci\u00f3 en un 380%, al pasar de 57 mil 554 a 276 mil. El superintendente <strong>Werner Ovalle<\/strong> explic\u00f3 que, al analizar las cifras del periodo impositivo, cada vez m\u00e1s contribuyentes utilizan la planilla del IVA articulada con el sistema de Factura Electr\u00f3nica en L\u00ednea (FEL), lo que facilita su presentaci\u00f3n y refleja un cumplimiento voluntario creciente. Record\u00f3 que esta herramienta se implement\u00f3 en el 2021 y ha sido perfeccionada desde entonces, lo que explica el crecimiento del 380% en la presentaci\u00f3n de planillas.\u00a0Destac\u00f3 que se trata de una medida de facilitaci\u00f3n tanto para los usuarios como para el an\u00e1lisis de informaci\u00f3n \u00fatil<strong>\u00a0<\/strong>en la toma de decisiones. (PL 20.01.26)<\/p>\n","protected":false},"excerpt":{"rendered":"<p>Los trabajadores en relaci\u00f3n de dependencia presentaron 276 mil planillas del IVA correspondientes al ejercicio fiscal del 2025, generadas de manera autom\u00e1tica desde la Agencia Virtual (AV), una raz\u00f3n que motiv\u00f3 al cumplimiento, seg\u00fan&#46;&#46;&#46;<\/p>\n","protected":false},"author":1,"featured_media":48024,"comment_status":"open","ping_status":"closed","sticky":false,"template":"","format":"standard","meta":{"footnotes":""},"categories":[41],"tags":[],"class_list":["post-68835","post","type-post","status-publish","format-standard","has-post-thumbnail","hentry","category-finanzas-publicas"],"_links":{"self":[{"href":"https:\/\/copades.com\/monec\/index.php?rest_route=\/wp\/v2\/posts\/68835","targetHints":{"allow":["GET"]}}],"collection":[{"href":"https:\/\/copades.com\/monec\/index.php?rest_route=\/wp\/v2\/posts"}],"about":[{"href":"https:\/\/copades.com\/monec\/index.php?rest_route=\/wp\/v2\/types\/post"}],"author":[{"embeddable":true,"href":"https:\/\/copades.com\/monec\/index.php?rest_route=\/wp\/v2\/users\/1"}],"replies":[{"embeddable":true,"href":"https:\/\/copades.com\/monec\/index.php?rest_route=%2Fwp%2Fv2%2Fcomments&post=68835"}],"version-history":[{"count":1,"href":"https:\/\/copades.com\/monec\/index.php?rest_route=\/wp\/v2\/posts\/68835\/revisions"}],"predecessor-version":[{"id":68836,"href":"https:\/\/copades.com\/monec\/index.php?rest_route=\/wp\/v2\/posts\/68835\/revisions\/68836"}],"wp:featuredmedia":[{"embeddable":true,"href":"https:\/\/copades.com\/monec\/index.php?rest_route=\/wp\/v2\/media\/48024"}],"wp:attachment":[{"href":"https:\/\/copades.com\/monec\/index.php?rest_route=%2Fwp%2Fv2%2Fmedia&parent=68835"}],"wp:term":[{"taxonomy":"category","embeddable":true,"href":"https:\/\/copades.com\/monec\/index.php?rest_route=%2Fwp%2Fv2%2Fcategories&post=68835"},{"taxonomy":"post_tag","embeddable":true,"href":"https:\/\/copades.com\/monec\/index.php?rest_route=%2Fwp%2Fv2%2Ftags&post=68835"}],"curies":[{"name":"wp","href":"https:\/\/api.w.org\/{rel}","templated":true}]}}