{"id":68837,"date":"2026-01-20T10:10:53","date_gmt":"2026-01-20T16:10:53","guid":{"rendered":"https:\/\/copades.com\/monec\/?p=68837"},"modified":"2026-01-20T10:10:53","modified_gmt":"2026-01-20T16:10:53","slug":"recomiendan-impulso-de-la-energia-nuclear-en-guatemala-como-opcion-de-nuevas-tecnologias-de-generacion-electrica","status":"publish","type":"post","link":"https:\/\/copades.com\/monec\/?p=68837","title":{"rendered":"Recomiendan impulso de la energ\u00eda nuclear en Guatemala como opci\u00f3n de nuevas tecnolog\u00edas de generaci\u00f3n el\u00e9ctrica"},"content":{"rendered":"<p style=\"text-align: justify;\">Aunque el gobierno no prev\u00e9 adoptar la energ\u00eda nuclear en el corto plazo, se impulsar\u00e1 la formaci\u00f3n t\u00e9cnica y el an\u00e1lisis de una propuesta del marco legal, con apoyo de organizaci\u00f3n internacional. Especialistas se\u00f1alan\u00a0beneficios, pero tambi\u00e9n advierten sobre costos, riesgos y falta de experiencia. \u00a0El gobierno tiene previsto continuar con la diversificaci\u00f3n de la matriz energ\u00e9tica, que incluye la contrataci\u00f3n de generaci\u00f3n renovable y de gas natural, mediante importaciones mar\u00edtimas y terrestres, adem\u00e1s de la producci\u00f3n nacional, seg\u00fan explic\u00f3 el ministro de Energ\u00eda y Minas, <strong>V\u00edctor Hugo Ventura<\/strong>. Actualmente, se desarrolla la licitaci\u00f3n PEG 5, la quinta para contratos de largo plazo con base en el Plan de Expansi\u00f3n de Generaci\u00f3n, que busca el suministro de 1,450 megavatios con contratos de hasta 15 a\u00f1os. En este proceso se prev\u00e9 recibir ofertas en febrero y adjudicar en abril. Seg\u00fan las autoridades, la idea es al menos la mitad \u2014unos 700 megavatios\u2014 provendr\u00eda de generaci\u00f3n con gas natural, y el resto, de otras tecnolog\u00edas y recursos. El gas natural se ha mencionado como un recurso de transmisi\u00f3n de la matriz de generaci\u00f3n. Sin embargo, seg\u00fan el MEM y otros actores del sector, el pa\u00eds tambi\u00e9n debe prepararse para implementar opciones como el almacenamiento de energ\u00eda mediante bater\u00edas u otros mecanismos, as\u00ed como para otras tecnolog\u00edas. Al mencionar la necesidad del pa\u00eds de impulsar la adopci\u00f3n de otras tecnolog\u00edas, ahora se empez\u00f3 a hablar de la energ\u00eda nuclear. Tanto en el Plan de Expansi\u00f3n Indicativo del Sistema de Generaci\u00f3n 2026-2050 (PEIG 2026-2050), lanzado el 13 de enero, como en el discurso del viceministro de Energ\u00eda, <strong>Juan Fernando Castro<\/strong>, se mencion\u00f3 la energ\u00eda nuclear. Guatemala debe comenzar a integrar en la educaci\u00f3n formal y t\u00e9cnica los temas de energ\u00eda nuclear, hidr\u00f3geno verde, energ\u00eda mareomotriz y biocombustibles, con el fin de preparar talento humano especializado en tecnolog\u00edas emergentes, determinantes en la transici\u00f3n energ\u00e9tica global, dice una de las recomendaciones estrat\u00e9gicas del plan. (PL 20.01.26)<\/p>\n","protected":false},"excerpt":{"rendered":"<p>Aunque el gobierno no prev\u00e9 adoptar la energ\u00eda nuclear en el corto plazo, se impulsar\u00e1 la formaci\u00f3n t\u00e9cnica y el an\u00e1lisis de una propuesta del marco legal, con apoyo de organizaci\u00f3n internacional. Especialistas se\u00f1alan\u00a0beneficios,&#46;&#46;&#46;<\/p>\n","protected":false},"author":1,"featured_media":62593,"comment_status":"open","ping_status":"closed","sticky":false,"template":"","format":"standard","meta":{"footnotes":""},"categories":[14],"tags":[],"class_list":["post-68837","post","type-post","status-publish","format-standard","has-post-thumbnail","hentry","category-energia-electrica"],"_links":{"self":[{"href":"https:\/\/copades.com\/monec\/index.php?rest_route=\/wp\/v2\/posts\/68837","targetHints":{"allow":["GET"]}}],"collection":[{"href":"https:\/\/copades.com\/monec\/index.php?rest_route=\/wp\/v2\/posts"}],"about":[{"href":"https:\/\/copades.com\/monec\/index.php?rest_route=\/wp\/v2\/types\/post"}],"author":[{"embeddable":true,"href":"https:\/\/copades.com\/monec\/index.php?rest_route=\/wp\/v2\/users\/1"}],"replies":[{"embeddable":true,"href":"https:\/\/copades.com\/monec\/index.php?rest_route=%2Fwp%2Fv2%2Fcomments&post=68837"}],"version-history":[{"count":1,"href":"https:\/\/copades.com\/monec\/index.php?rest_route=\/wp\/v2\/posts\/68837\/revisions"}],"predecessor-version":[{"id":68838,"href":"https:\/\/copades.com\/monec\/index.php?rest_route=\/wp\/v2\/posts\/68837\/revisions\/68838"}],"wp:featuredmedia":[{"embeddable":true,"href":"https:\/\/copades.com\/monec\/index.php?rest_route=\/wp\/v2\/media\/62593"}],"wp:attachment":[{"href":"https:\/\/copades.com\/monec\/index.php?rest_route=%2Fwp%2Fv2%2Fmedia&parent=68837"}],"wp:term":[{"taxonomy":"category","embeddable":true,"href":"https:\/\/copades.com\/monec\/index.php?rest_route=%2Fwp%2Fv2%2Fcategories&post=68837"},{"taxonomy":"post_tag","embeddable":true,"href":"https:\/\/copades.com\/monec\/index.php?rest_route=%2Fwp%2Fv2%2Ftags&post=68837"}],"curies":[{"name":"wp","href":"https:\/\/api.w.org\/{rel}","templated":true}]}}