{"id":68867,"date":"2026-01-21T09:12:09","date_gmt":"2026-01-21T15:12:09","guid":{"rendered":"https:\/\/copades.com\/monec\/?p=68867"},"modified":"2026-01-21T09:12:09","modified_gmt":"2026-01-21T15:12:09","slug":"banguat-descarta-impacto-al-comercio-nacional-por-estado-de-sitio","status":"publish","type":"post","link":"https:\/\/copades.com\/monec\/?p=68867","title":{"rendered":"Banguat descarta impacto al comercio nacional por Estado de Sitio"},"content":{"rendered":"<p style=\"text-align: justify;\">El hecho de que el pa\u00eds se encuentre en Estado de Sitio, en ning\u00fan momento afecta la actividad econ\u00f3mica en sus diferentes rubros, afirm\u00f3 <strong>Alvaro Gonz\u00e1lez Ricci<\/strong>, presidente de la Junta Monetaria y del Banco de Guatemala, al ser consultado sobre los efectos de la medida, durante una actividad en la Asociaci\u00f3n Guatemalteca de Exportadores (Agexport). \u201cLo que estamos viendo en este momento espec\u00edfico es que hay un Estado de Sitio con una duraci\u00f3n de 30 d\u00edas, y considero que no ha interrumpido las actividades de comercio, transporte o reuniones\u201d, se\u00f1al\u00f3. \u201cDir\u00eda que, hasta la fecha, no vemos que esto genere un impacto\u201d, se\u00f1al\u00f3, aunque reconoci\u00f3 que este tipo de noticias trasciende las fronteras. A pesar de cierto temor que pueda haber entre inversionistas, reiter\u00f3 que la coyuntura actual no cambiar\u00e1 los buenos indicadores que tiene la naci\u00f3n, inclusive para los efectos de las calificadoras de riesgo o del Fondo Monetario Internacional. <strong>Francisco Ralda<\/strong>, presidente de Agexport, expres\u00f3 que lamentan y condenan los ataques de los pandilleros a las fuerzas de seguridad. El Estado de Sitio tiene vigencia en el territorio nacional y fue refrendado el lunes en el Pleno del Congreso. (DCA 21.01.26)<\/p>\n","protected":false},"excerpt":{"rendered":"<p>El hecho de que el pa\u00eds se encuentre en Estado de Sitio, en ning\u00fan momento afecta la actividad econ\u00f3mica en sus diferentes rubros, afirm\u00f3 Alvaro Gonz\u00e1lez Ricci, presidente de la Junta Monetaria y del&#46;&#46;&#46;<\/p>\n","protected":false},"author":1,"featured_media":49148,"comment_status":"open","ping_status":"closed","sticky":false,"template":"","format":"standard","meta":{"footnotes":""},"categories":[5],"tags":[],"class_list":["post-68867","post","type-post","status-publish","format-standard","has-post-thumbnail","hentry","category-actividad-productiva"],"_links":{"self":[{"href":"https:\/\/copades.com\/monec\/index.php?rest_route=\/wp\/v2\/posts\/68867","targetHints":{"allow":["GET"]}}],"collection":[{"href":"https:\/\/copades.com\/monec\/index.php?rest_route=\/wp\/v2\/posts"}],"about":[{"href":"https:\/\/copades.com\/monec\/index.php?rest_route=\/wp\/v2\/types\/post"}],"author":[{"embeddable":true,"href":"https:\/\/copades.com\/monec\/index.php?rest_route=\/wp\/v2\/users\/1"}],"replies":[{"embeddable":true,"href":"https:\/\/copades.com\/monec\/index.php?rest_route=%2Fwp%2Fv2%2Fcomments&post=68867"}],"version-history":[{"count":1,"href":"https:\/\/copades.com\/monec\/index.php?rest_route=\/wp\/v2\/posts\/68867\/revisions"}],"predecessor-version":[{"id":68868,"href":"https:\/\/copades.com\/monec\/index.php?rest_route=\/wp\/v2\/posts\/68867\/revisions\/68868"}],"wp:featuredmedia":[{"embeddable":true,"href":"https:\/\/copades.com\/monec\/index.php?rest_route=\/wp\/v2\/media\/49148"}],"wp:attachment":[{"href":"https:\/\/copades.com\/monec\/index.php?rest_route=%2Fwp%2Fv2%2Fmedia&parent=68867"}],"wp:term":[{"taxonomy":"category","embeddable":true,"href":"https:\/\/copades.com\/monec\/index.php?rest_route=%2Fwp%2Fv2%2Fcategories&post=68867"},{"taxonomy":"post_tag","embeddable":true,"href":"https:\/\/copades.com\/monec\/index.php?rest_route=%2Fwp%2Fv2%2Ftags&post=68867"}],"curies":[{"name":"wp","href":"https:\/\/api.w.org\/{rel}","templated":true}]}}