{"id":68878,"date":"2026-01-22T10:52:54","date_gmt":"2026-01-22T16:52:54","guid":{"rendered":"https:\/\/copades.com\/monec\/?p=68878"},"modified":"2026-01-22T10:52:54","modified_gmt":"2026-01-22T16:52:54","slug":"cobre-cae-a-minimos-de-casi-2-semanas","status":"publish","type":"post","link":"https:\/\/copades.com\/monec\/?p=68878","title":{"rendered":"Cobre cae a m\u00ednimos de casi 2 semanas"},"content":{"rendered":"<p>El cobre toc\u00f3 este jueves su nivel m\u00e1s bajo en casi dos semanas, ya que los mercados se calmaron tras la promesa del presidente de Estados Unidos,\u00a0<strong>Donald Trump<\/strong>, de no tomar Groenlandia por la fuerza y su retractaci\u00f3n de los aranceles\u00a0previstos para los pa\u00edses que se oponen a que se apodere de la isla \u00e1rtica.\u00a0El cobre de referencia a tres meses en la Bolsa de Metales de Londres (LME) toc\u00f3 los 12,621 d\u00f3lares, su m\u00ednimo desde el 9 de enero.\u00a0 Trump descart\u00f3 el mi\u00e9rcoles usar la fuerza militar para tomar Groenlandia\u00a0y dijo que ya ?no impondr\u00e1 aranceles a los aliados europeos que hab\u00eda amenazado con poner en vigor el 1 de febrero. \u00abLa ansiedad se reduce en el mercado y todo retrocede porque el motor principal ya no est\u00e1 en juego\u00bb, dijo Tom Price, analista de Panmure Liberum. Los inversores empezar\u00e1n a retirar dinero de sus cautas posiciones, lo que probablemente afectar\u00e1 a los precios de las materias primas en los pr\u00f3ximos d\u00edas, a\u00f1adi\u00f3. El repunte de los\u00a0metales industriales\u00a0este a\u00f1o \u00abrealmente no tiene nada que ver con los aspectos espec\u00edficos de la oferta y la demanda (&#8230;) porque no vemos ning\u00fan cambio en ellos\u00bb, agreg\u00f3 Price.\u00a0 El contrato del cobre al contado de la LME se negociaba con un descuento de 84 d\u00f3lares por tonelada con respecto al de tres meses, despu\u00e9s de haber alcanzado una prima de m\u00e1s de 100 d\u00f3lares el martes, lo que indica poca necesidad de metal a corto plazo. Las existencias de cobre en ?la LME han subido a 168,250 toneladas, su m\u00e1ximo desde mayo de 2025, tras la entrada de 8,725 toneladas en los almacenes de Estados ?Unidos. (eleconomista.com.mx 22.01.26)<\/p>\n","protected":false},"excerpt":{"rendered":"<p>El cobre toc\u00f3 este jueves su nivel m\u00e1s bajo en casi dos semanas, ya que los mercados se calmaron tras la promesa del presidente de Estados Unidos,\u00a0Donald Trump, de no tomar Groenlandia por la&#46;&#46;&#46;<\/p>\n","protected":false},"author":1,"featured_media":66149,"comment_status":"open","ping_status":"closed","sticky":false,"template":"","format":"standard","meta":{"footnotes":""},"categories":[55],"tags":[],"class_list":["post-68878","post","type-post","status-publish","format-standard","has-post-thumbnail","hentry","category-internacionales-seleccion"],"_links":{"self":[{"href":"https:\/\/copades.com\/monec\/index.php?rest_route=\/wp\/v2\/posts\/68878","targetHints":{"allow":["GET"]}}],"collection":[{"href":"https:\/\/copades.com\/monec\/index.php?rest_route=\/wp\/v2\/posts"}],"about":[{"href":"https:\/\/copades.com\/monec\/index.php?rest_route=\/wp\/v2\/types\/post"}],"author":[{"embeddable":true,"href":"https:\/\/copades.com\/monec\/index.php?rest_route=\/wp\/v2\/users\/1"}],"replies":[{"embeddable":true,"href":"https:\/\/copades.com\/monec\/index.php?rest_route=%2Fwp%2Fv2%2Fcomments&post=68878"}],"version-history":[{"count":1,"href":"https:\/\/copades.com\/monec\/index.php?rest_route=\/wp\/v2\/posts\/68878\/revisions"}],"predecessor-version":[{"id":68879,"href":"https:\/\/copades.com\/monec\/index.php?rest_route=\/wp\/v2\/posts\/68878\/revisions\/68879"}],"wp:featuredmedia":[{"embeddable":true,"href":"https:\/\/copades.com\/monec\/index.php?rest_route=\/wp\/v2\/media\/66149"}],"wp:attachment":[{"href":"https:\/\/copades.com\/monec\/index.php?rest_route=%2Fwp%2Fv2%2Fmedia&parent=68878"}],"wp:term":[{"taxonomy":"category","embeddable":true,"href":"https:\/\/copades.com\/monec\/index.php?rest_route=%2Fwp%2Fv2%2Fcategories&post=68878"},{"taxonomy":"post_tag","embeddable":true,"href":"https:\/\/copades.com\/monec\/index.php?rest_route=%2Fwp%2Fv2%2Ftags&post=68878"}],"curies":[{"name":"wp","href":"https:\/\/api.w.org\/{rel}","templated":true}]}}