{"id":68932,"date":"2026-01-27T10:13:34","date_gmt":"2026-01-27T16:13:34","guid":{"rendered":"https:\/\/copades.com\/monec\/?p=68932"},"modified":"2026-01-27T10:13:34","modified_gmt":"2026-01-27T16:13:34","slug":"exportaciones-mexicanas-crecieron-7-6-en-2025","status":"publish","type":"post","link":"https:\/\/copades.com\/monec\/?p=68932","title":{"rendered":"Exportaciones mexicanas crecieron 7.6% en 2025"},"content":{"rendered":"<p style=\"text-align: justify;\">Las exportaciones de productos de M\u00e9xico crecieron a una tasa interanual de 7.6% en 2025, a 664,066.2 millones de d\u00f3lares, y se mantuvieron como un motor de la econom\u00eda por segundo a\u00f1o consecutivo, inform\u00f3 este martes el Inegi. Estos flujos comerciales se ubicaron tambi\u00e9n por arriba de la media global, ya que el comercio mundial de bienes aument\u00f3 6% en 2025, a 25.9 billones de d\u00f3lares, seg\u00fan proyecciones de la Conferencia de Naciones Unidas sobre Comercio y Desarrollo (UNCTAD). A la inversa, las importaciones mexicanas de mercanc\u00edas subieron 4.4%, alcanzando 664,066.2 millones de d\u00f3lares, lo que dio como resultado un super\u00e1vit en la balanza comercial de 770.9 millones, tras cuatro a\u00f1os de d\u00e9ficit. Tanto las importaciones como las exportaciones registraron m\u00e1ximos hist\u00f3ricos. El a\u00f1o 2025 qued\u00f3 marcado por la agresiva pol\u00edtica arancelaria implementada por el presidente estadounidense, Donald Trump, y por la guerra comercial entre Estados Unidos y China. M\u00e9xico cerr\u00f3 el a\u00f1o con un impulso adicional. Las exportaciones se incrementaron 17.2% en diciembre, la tasa interanual m\u00e1s alta desde febrero de 2023; mientras que las importaciones avanzaron 16.7%, el mayor dinamismo desde mayo de 2024. Considerando el a\u00f1o completo, hubo dos variables destacadas. Primeramente, las exportaciones manufactureras no automotrices, las cuales crecieron 17.3%, totalizaron 423,027.1 millones de d\u00f3lares y abarcaron 63.6% del total de las ventas externas mexicanas. (eleconomista.com.mx 27.01.26)<\/p>\n","protected":false},"excerpt":{"rendered":"<p>Las exportaciones de productos de M\u00e9xico crecieron a una tasa interanual de 7.6% en 2025, a 664,066.2 millones de d\u00f3lares, y se mantuvieron como un motor de la econom\u00eda por segundo a\u00f1o consecutivo, inform\u00f3&#46;&#46;&#46;<\/p>\n","protected":false},"author":1,"featured_media":49214,"comment_status":"open","ping_status":"closed","sticky":false,"template":"","format":"standard","meta":{"footnotes":""},"categories":[55],"tags":[],"class_list":["post-68932","post","type-post","status-publish","format-standard","has-post-thumbnail","hentry","category-internacionales-seleccion"],"_links":{"self":[{"href":"https:\/\/copades.com\/monec\/index.php?rest_route=\/wp\/v2\/posts\/68932","targetHints":{"allow":["GET"]}}],"collection":[{"href":"https:\/\/copades.com\/monec\/index.php?rest_route=\/wp\/v2\/posts"}],"about":[{"href":"https:\/\/copades.com\/monec\/index.php?rest_route=\/wp\/v2\/types\/post"}],"author":[{"embeddable":true,"href":"https:\/\/copades.com\/monec\/index.php?rest_route=\/wp\/v2\/users\/1"}],"replies":[{"embeddable":true,"href":"https:\/\/copades.com\/monec\/index.php?rest_route=%2Fwp%2Fv2%2Fcomments&post=68932"}],"version-history":[{"count":1,"href":"https:\/\/copades.com\/monec\/index.php?rest_route=\/wp\/v2\/posts\/68932\/revisions"}],"predecessor-version":[{"id":68933,"href":"https:\/\/copades.com\/monec\/index.php?rest_route=\/wp\/v2\/posts\/68932\/revisions\/68933"}],"wp:featuredmedia":[{"embeddable":true,"href":"https:\/\/copades.com\/monec\/index.php?rest_route=\/wp\/v2\/media\/49214"}],"wp:attachment":[{"href":"https:\/\/copades.com\/monec\/index.php?rest_route=%2Fwp%2Fv2%2Fmedia&parent=68932"}],"wp:term":[{"taxonomy":"category","embeddable":true,"href":"https:\/\/copades.com\/monec\/index.php?rest_route=%2Fwp%2Fv2%2Fcategories&post=68932"},{"taxonomy":"post_tag","embeddable":true,"href":"https:\/\/copades.com\/monec\/index.php?rest_route=%2Fwp%2Fv2%2Ftags&post=68932"}],"curies":[{"name":"wp","href":"https:\/\/api.w.org\/{rel}","templated":true}]}}