{"id":69048,"date":"2026-02-03T10:09:42","date_gmt":"2026-02-03T16:09:42","guid":{"rendered":"https:\/\/copades.com\/monec\/?p=69048"},"modified":"2026-02-03T10:09:42","modified_gmt":"2026-02-03T16:09:42","slug":"asfura-se-reunira-con-trump-para-abordar-aranceles-a-productos-hondurenos-y-futuro-del-tps","status":"publish","type":"post","link":"https:\/\/copades.com\/monec\/?p=69048","title":{"rendered":"Asfura se reunir\u00e1 con Trump para abordar aranceles a productos hondure\u00f1os y futuro del TPS"},"content":{"rendered":"<p style=\"text-align: justify;\">El presidente de Honduras, <strong>Nasry \u2018Tito\u2019 Asfura<\/strong>, se reunir\u00e1 en los pr\u00f3ximos d\u00edas con su hom\u00f3logo de Estados Unidos, <strong>Donald Trump<\/strong>, para abordar la imposici\u00f3n de aranceles a las exportaciones hondure\u00f1as y el futuro del Estatus de Protecci\u00f3n Temporal (TPS), inform\u00f3 este lunes una fuente oficial en Tegucigalpa.\u00a0Aunque no se ha precisado la fecha exacta del encuentro, el ministro de la Presidencia de Honduras, <strong>Juan Carlos Garc\u00eda<\/strong>, confirm\u00f3 a periodistas que la cita ya est\u00e1 programada y que ser\u00e1 el propio mandatario hondure\u00f1o quien brinde los detalles finales en las pr\u00f3ximas horas. De manera extraoficial, ha trascendido que la reuni\u00f3n bilateral se celebrar\u00eda en la residencia de Trump en Mar-a-Lago, en el estado de Florida. Seg\u00fan Garc\u00eda, este acercamiento representa \u201cuna buena apertura\u201d para dinamizar la inversi\u00f3n extranjera y fomentar procesos de expansi\u00f3n comercial entre ambas naciones. El funcionario se\u00f1al\u00f3 que en la agenda figura la discusi\u00f3n sobre el arancel del 10% que se aplica a productos hondure\u00f1os exportados a Estados Unidos. (forbescentroamerica.com 03.02.26)<\/p>\n","protected":false},"excerpt":{"rendered":"<p>El presidente de Honduras, Nasry \u2018Tito\u2019 Asfura, se reunir\u00e1 en los pr\u00f3ximos d\u00edas con su hom\u00f3logo de Estados Unidos, Donald Trump, para abordar la imposici\u00f3n de aranceles a las exportaciones hondure\u00f1as y el futuro&#46;&#46;&#46;<\/p>\n","protected":false},"author":1,"featured_media":47800,"comment_status":"open","ping_status":"closed","sticky":false,"template":"","format":"standard","meta":{"footnotes":""},"categories":[54],"tags":[],"class_list":["post-69048","post","type-post","status-publish","format-standard","has-post-thumbnail","hentry","category-centroamerica-seleccion"],"_links":{"self":[{"href":"https:\/\/copades.com\/monec\/index.php?rest_route=\/wp\/v2\/posts\/69048","targetHints":{"allow":["GET"]}}],"collection":[{"href":"https:\/\/copades.com\/monec\/index.php?rest_route=\/wp\/v2\/posts"}],"about":[{"href":"https:\/\/copades.com\/monec\/index.php?rest_route=\/wp\/v2\/types\/post"}],"author":[{"embeddable":true,"href":"https:\/\/copades.com\/monec\/index.php?rest_route=\/wp\/v2\/users\/1"}],"replies":[{"embeddable":true,"href":"https:\/\/copades.com\/monec\/index.php?rest_route=%2Fwp%2Fv2%2Fcomments&post=69048"}],"version-history":[{"count":1,"href":"https:\/\/copades.com\/monec\/index.php?rest_route=\/wp\/v2\/posts\/69048\/revisions"}],"predecessor-version":[{"id":69049,"href":"https:\/\/copades.com\/monec\/index.php?rest_route=\/wp\/v2\/posts\/69048\/revisions\/69049"}],"wp:featuredmedia":[{"embeddable":true,"href":"https:\/\/copades.com\/monec\/index.php?rest_route=\/wp\/v2\/media\/47800"}],"wp:attachment":[{"href":"https:\/\/copades.com\/monec\/index.php?rest_route=%2Fwp%2Fv2%2Fmedia&parent=69048"}],"wp:term":[{"taxonomy":"category","embeddable":true,"href":"https:\/\/copades.com\/monec\/index.php?rest_route=%2Fwp%2Fv2%2Fcategories&post=69048"},{"taxonomy":"post_tag","embeddable":true,"href":"https:\/\/copades.com\/monec\/index.php?rest_route=%2Fwp%2Fv2%2Ftags&post=69048"}],"curies":[{"name":"wp","href":"https:\/\/api.w.org\/{rel}","templated":true}]}}