{"id":69083,"date":"2026-02-04T10:19:32","date_gmt":"2026-02-04T16:19:32","guid":{"rendered":"https:\/\/copades.com\/monec\/?p=69083"},"modified":"2026-02-04T10:19:32","modified_gmt":"2026-02-04T16:19:32","slug":"descenso-de-temperaturas-por-frente-frio-amenaza-produccion-agricola-y-pecuaria","status":"publish","type":"post","link":"https:\/\/copades.com\/monec\/?p=69083","title":{"rendered":"Descenso de temperaturas por frente fr\u00edo amenaza producci\u00f3n agr\u00edcola y pecuaria"},"content":{"rendered":"<p style=\"text-align: justify;\">El frente fr\u00edo que afecta a Guatemala ha provocado un descenso significativo de las temperaturas, principalmente en el altiplano central y occidental, donde se espera la helada m\u00e1s intensa el martes 3 de febrero. De acuerdo con <strong>Walter Bardales<\/strong>, especialista en monitoreo clim\u00e1tico y analista de Agua Consulta, la Ciudad de Guatemala podr\u00eda registrar temperaturas m\u00ednimas entre 6 y 8 grados Celsius, acompa\u00f1adas de una sensaci\u00f3n t\u00e9rmica m\u00e1s baja, sobre todo durante la madrugada y primeras horas de la ma\u00f1ana. A partir del mi\u00e9rcoles, explica el especialista que se provee un ligero incremento de la temperatura, conforme las condiciones atmosf\u00e9ricas comiencen a estabilizarse. Los efectos del fr\u00edo a\u00fan podr\u00edan sentirse en el ganado y los cultivos durante los pr\u00f3ximos d\u00edas. Las bajas temperaturas representan un riesgo directo para la producci\u00f3n agr\u00edcola, principalmente en zonas ubicadas por encima de los 1 mil 700 metros sobre el nivel del mar, donde las heladas podr\u00edan afectar el desarrollo de los cultivos en los pr\u00f3ximos d\u00edas. De acuerdo con el an\u00e1lisis agrometeorol\u00f3gico, se prev\u00e9n temperaturas inferiores a cinco grados cent\u00edgrados, vientos superiores a 35 km\/h y lluvias en algunas \u00e1reas de Izabal, Alta Verapaz y Pet\u00e9n, adem\u00e1s de fr\u00edo intenso en el Altiplano Central y Occidente. Estas condiciones clim\u00e1ticas adversas podr\u00edan generar estr\u00e9s t\u00e9rmico en los cultivos y el ganado, as\u00ed como da\u00f1os en la infraestructura agr\u00edcola, situaci\u00f3n que mantiene en alerta al sector agropecuario a nivel nacional. Ante este panorama, el Ministerio de Agricultura, Ganader\u00eda y Alimentaci\u00f3n (Maga) reforz\u00f3 las recomendaciones preventivas para productores de todo el pa\u00eds y mantiene un monitoreo constante en 234 municipios identificados como vulnerables. (PL 04.02.26)<\/p>\n","protected":false},"excerpt":{"rendered":"<p>El frente fr\u00edo que afecta a Guatemala ha provocado un descenso significativo de las temperaturas, principalmente en el altiplano central y occidental, donde se espera la helada m\u00e1s intensa el martes 3 de febrero.&#46;&#46;&#46;<\/p>\n","protected":false},"author":1,"featured_media":48059,"comment_status":"open","ping_status":"closed","sticky":false,"template":"","format":"standard","meta":{"footnotes":""},"categories":[10],"tags":[],"class_list":["post-69083","post","type-post","status-publish","format-standard","has-post-thumbnail","hentry","category-agricultura"],"_links":{"self":[{"href":"https:\/\/copades.com\/monec\/index.php?rest_route=\/wp\/v2\/posts\/69083","targetHints":{"allow":["GET"]}}],"collection":[{"href":"https:\/\/copades.com\/monec\/index.php?rest_route=\/wp\/v2\/posts"}],"about":[{"href":"https:\/\/copades.com\/monec\/index.php?rest_route=\/wp\/v2\/types\/post"}],"author":[{"embeddable":true,"href":"https:\/\/copades.com\/monec\/index.php?rest_route=\/wp\/v2\/users\/1"}],"replies":[{"embeddable":true,"href":"https:\/\/copades.com\/monec\/index.php?rest_route=%2Fwp%2Fv2%2Fcomments&post=69083"}],"version-history":[{"count":1,"href":"https:\/\/copades.com\/monec\/index.php?rest_route=\/wp\/v2\/posts\/69083\/revisions"}],"predecessor-version":[{"id":69084,"href":"https:\/\/copades.com\/monec\/index.php?rest_route=\/wp\/v2\/posts\/69083\/revisions\/69084"}],"wp:featuredmedia":[{"embeddable":true,"href":"https:\/\/copades.com\/monec\/index.php?rest_route=\/wp\/v2\/media\/48059"}],"wp:attachment":[{"href":"https:\/\/copades.com\/monec\/index.php?rest_route=%2Fwp%2Fv2%2Fmedia&parent=69083"}],"wp:term":[{"taxonomy":"category","embeddable":true,"href":"https:\/\/copades.com\/monec\/index.php?rest_route=%2Fwp%2Fv2%2Fcategories&post=69083"},{"taxonomy":"post_tag","embeddable":true,"href":"https:\/\/copades.com\/monec\/index.php?rest_route=%2Fwp%2Fv2%2Ftags&post=69083"}],"curies":[{"name":"wp","href":"https:\/\/api.w.org\/{rel}","templated":true}]}}