{"id":69087,"date":"2026-02-05T10:07:25","date_gmt":"2026-02-05T16:07:25","guid":{"rendered":"https:\/\/copades.com\/monec\/?p=69087"},"modified":"2026-02-05T10:07:25","modified_gmt":"2026-02-05T16:07:25","slug":"ee-uu-y-la-ue-acuerdan-su-primer-plan-de-accion-sobre-comercio-de-minerales-criticos","status":"publish","type":"post","link":"https:\/\/copades.com\/monec\/?p=69087","title":{"rendered":"EE.UU. y la UE acuerdan su primer plan de acci\u00f3n sobre comercio de minerales cr\u00edticos"},"content":{"rendered":"<p style=\"text-align: justify;\">Estados Unidos y la Uni\u00f3n Europea (UE) anunciaron este mi\u00e9rcoles el primer plan de acci\u00f3n entre ambos para cooperar en el suministro de materias primas cr\u00edticas con el fin de hacer frente a la competencia de China, que puede ofrecer precios mucho m\u00e1s bajos que otras potencias para estos minerales.\u00a0El acuerdo, en el que tambi\u00e9n participa Jap\u00f3n, fue negociado entre el representante de Comercio de Estados Unidos, <strong>Jamieson Greer<\/strong> y el comisario europeo de Comercio, <strong>Maros Sefcovic<\/strong>. Greer declar\u00f3 en un comunicado que este anuncio es \u201cuna se\u00f1al importante de que las mayores econom\u00edas de mercado del mundo est\u00e1n comprometidas con el desarrollo de un nuevo paradigma para el comercio preferencial de minerales cr\u00edticos\u201d.\u00a0Por su parte, el bloque comunitario detall\u00f3 que este acuerdo incluye el compromiso entre EE.UU. y la UE a cerrar, en un plazo de 30 d\u00edas, un memorando de entendimiento sobre materias primas con el objetivo de reforzar la seguridad de la cadena de suministro de minerales cr\u00edticos.\u00a0Estados Unidos explic\u00f3 que, en el marco del plan de acci\u00f3n, desarrollar\u00e1n junto a la Comisi\u00f3n Europea y a Jap\u00f3n, pol\u00edticas y mecanismos comerciales coordinados, como precios m\u00ednimos ajustados en frontera.\u00a0La idea es que los socios no obstaculicen los esfuerzos del otro, por ejemplo cuando buscan suministro de los mismos proveedores, que cooperen en los proyectos que apoyan, en la gesti\u00f3n de la demanda y los precios y, en particular, en tecnolog\u00edas de reciclado y sustituci\u00f3n de materias primas cr\u00edticas. (forbescentroamerica.com 05.02.26)<\/p>\n<p>&nbsp;<\/p>\n","protected":false},"excerpt":{"rendered":"<p>Estados Unidos y la Uni\u00f3n Europea (UE) anunciaron este mi\u00e9rcoles el primer plan de acci\u00f3n entre ambos para cooperar en el suministro de materias primas cr\u00edticas con el fin de hacer frente a la&#46;&#46;&#46;<\/p>\n","protected":false},"author":1,"featured_media":52551,"comment_status":"open","ping_status":"closed","sticky":false,"template":"","format":"standard","meta":{"footnotes":""},"categories":[55],"tags":[],"class_list":["post-69087","post","type-post","status-publish","format-standard","has-post-thumbnail","hentry","category-internacionales-seleccion"],"_links":{"self":[{"href":"https:\/\/copades.com\/monec\/index.php?rest_route=\/wp\/v2\/posts\/69087","targetHints":{"allow":["GET"]}}],"collection":[{"href":"https:\/\/copades.com\/monec\/index.php?rest_route=\/wp\/v2\/posts"}],"about":[{"href":"https:\/\/copades.com\/monec\/index.php?rest_route=\/wp\/v2\/types\/post"}],"author":[{"embeddable":true,"href":"https:\/\/copades.com\/monec\/index.php?rest_route=\/wp\/v2\/users\/1"}],"replies":[{"embeddable":true,"href":"https:\/\/copades.com\/monec\/index.php?rest_route=%2Fwp%2Fv2%2Fcomments&post=69087"}],"version-history":[{"count":1,"href":"https:\/\/copades.com\/monec\/index.php?rest_route=\/wp\/v2\/posts\/69087\/revisions"}],"predecessor-version":[{"id":69088,"href":"https:\/\/copades.com\/monec\/index.php?rest_route=\/wp\/v2\/posts\/69087\/revisions\/69088"}],"wp:featuredmedia":[{"embeddable":true,"href":"https:\/\/copades.com\/monec\/index.php?rest_route=\/wp\/v2\/media\/52551"}],"wp:attachment":[{"href":"https:\/\/copades.com\/monec\/index.php?rest_route=%2Fwp%2Fv2%2Fmedia&parent=69087"}],"wp:term":[{"taxonomy":"category","embeddable":true,"href":"https:\/\/copades.com\/monec\/index.php?rest_route=%2Fwp%2Fv2%2Fcategories&post=69087"},{"taxonomy":"post_tag","embeddable":true,"href":"https:\/\/copades.com\/monec\/index.php?rest_route=%2Fwp%2Fv2%2Ftags&post=69087"}],"curies":[{"name":"wp","href":"https:\/\/api.w.org\/{rel}","templated":true}]}}