{"id":69161,"date":"2026-02-10T10:11:05","date_gmt":"2026-02-10T16:11:05","guid":{"rendered":"https:\/\/copades.com\/monec\/?p=69161"},"modified":"2026-02-10T10:11:05","modified_gmt":"2026-02-10T16:11:05","slug":"la-sat-instalo-junto-con-ee-uu-la-fuerza-elite-para-la-facilitacion-del-comercio","status":"publish","type":"post","link":"https:\/\/copades.com\/monec\/?p=69161","title":{"rendered":"La SAT instal\u00f3 junto con EE. UU. la fuerza \u00e9lite para la facilitaci\u00f3n del comercio"},"content":{"rendered":"<p style=\"text-align: justify;\">La Superintendencia de Administraci\u00f3n Tributaria (SAT) instal\u00f3 la tercera fuerza \u00e9lite de aduanas en el pa\u00eds con el apoyo de los Estados Unidos para la facilitaci\u00f3n del comercio. <strong>Werner Ovalle<\/strong>, titular de la SAT, dio por inaugurada la tercera fuerza de tarea interinstitucional para la facilitaci\u00f3n del comercio en el pa\u00eds. La aduana de Santo Tom\u00e1s de Castilla ahora cuenta con este grupo especial para la detecci\u00f3n de il\u00edcitos y lucha contra el contrabando. Ovalle record\u00f3 que la primera fuerza de tarea fue implementada en la aduana de Puerto Quetzal en 2023 y la segunda en la Aduana Express A\u00e9reo en octubre de 2025. El objetivo de este equipo especial es facilitar el comercio exterior mediante una gesti\u00f3n aduanera eficiente y segura, alineada a las mejores pr\u00e1cticas internacionales. El jefe de la SAT explica que se busca contar con un modelo moderno de gesti\u00f3n aduanera basado en la coordinaci\u00f3n interinstitucional, el an\u00e1lisis estrat\u00e9gico de riesgos, el uso de tecnolog\u00eda no intrusiva y la capacidad de emitir alertas tanto nacional como internacional. El grupo \u00e9lite se conforma por personal de SAT, as\u00ed como miembros del Ministerio de Gobernaci\u00f3n (Mingob), del Ministerio de la Defensa (Mindef), del Ministerio de Agricultura Ganader\u00eda y Alimentaci\u00f3n (MAGA) y otras instituciones. Por parte del gobierno de Estados Unidos participan integrantes de Aduanas y Protecci\u00f3n Fronteriza (CBP) que apoya en la parte operativa, mientras que de la Oficina de Asuntos Internacionales de Narc\u00f3ticos y Aplicaci\u00f3n de la Ley (INL) aportan en cooperaci\u00f3n y estrategia. (LH 10.02.26)<\/p>\n","protected":false},"excerpt":{"rendered":"<p>La Superintendencia de Administraci\u00f3n Tributaria (SAT) instal\u00f3 la tercera fuerza \u00e9lite de aduanas en el pa\u00eds con el apoyo de los Estados Unidos para la facilitaci\u00f3n del comercio. Werner Ovalle, titular de la SAT,&#46;&#46;&#46;<\/p>\n","protected":false},"author":1,"featured_media":48024,"comment_status":"open","ping_status":"closed","sticky":false,"template":"","format":"standard","meta":{"footnotes":""},"categories":[22],"tags":[],"class_list":["post-69161","post","type-post","status-publish","format-standard","has-post-thumbnail","hentry","category-transporte-y-almacenamiento"],"_links":{"self":[{"href":"https:\/\/copades.com\/monec\/index.php?rest_route=\/wp\/v2\/posts\/69161","targetHints":{"allow":["GET"]}}],"collection":[{"href":"https:\/\/copades.com\/monec\/index.php?rest_route=\/wp\/v2\/posts"}],"about":[{"href":"https:\/\/copades.com\/monec\/index.php?rest_route=\/wp\/v2\/types\/post"}],"author":[{"embeddable":true,"href":"https:\/\/copades.com\/monec\/index.php?rest_route=\/wp\/v2\/users\/1"}],"replies":[{"embeddable":true,"href":"https:\/\/copades.com\/monec\/index.php?rest_route=%2Fwp%2Fv2%2Fcomments&post=69161"}],"version-history":[{"count":1,"href":"https:\/\/copades.com\/monec\/index.php?rest_route=\/wp\/v2\/posts\/69161\/revisions"}],"predecessor-version":[{"id":69162,"href":"https:\/\/copades.com\/monec\/index.php?rest_route=\/wp\/v2\/posts\/69161\/revisions\/69162"}],"wp:featuredmedia":[{"embeddable":true,"href":"https:\/\/copades.com\/monec\/index.php?rest_route=\/wp\/v2\/media\/48024"}],"wp:attachment":[{"href":"https:\/\/copades.com\/monec\/index.php?rest_route=%2Fwp%2Fv2%2Fmedia&parent=69161"}],"wp:term":[{"taxonomy":"category","embeddable":true,"href":"https:\/\/copades.com\/monec\/index.php?rest_route=%2Fwp%2Fv2%2Fcategories&post=69161"},{"taxonomy":"post_tag","embeddable":true,"href":"https:\/\/copades.com\/monec\/index.php?rest_route=%2Fwp%2Fv2%2Ftags&post=69161"}],"curies":[{"name":"wp","href":"https:\/\/api.w.org\/{rel}","templated":true}]}}