{"id":69163,"date":"2026-02-10T10:12:05","date_gmt":"2026-02-10T16:12:05","guid":{"rendered":"https:\/\/copades.com\/monec\/?p=69163"},"modified":"2026-02-10T10:12:05","modified_gmt":"2026-02-10T16:12:05","slug":"se-inicia-analisis-del-salario-minimo","status":"publish","type":"post","link":"https:\/\/copades.com\/monec\/?p=69163","title":{"rendered":"Se inicia an\u00e1lisis del salario m\u00ednimo"},"content":{"rendered":"<p style=\"text-align: justify;\">Las comisiones paritarias de salario m\u00ednimo para el per\u00edodo 2026-2027, integradas por representantes de los sectores empleador, trabajador e inspectores laborales, fueron juramentadas por el Ministerio de Trabajo y Previsi\u00f3n Social (Mintrab).\u00a0De acuerdo con la ley, estas tienen la responsabilidad de elaborar informes y recomendaciones t\u00e9cnicas sobre los estipendios m\u00ednimos, que posteriormente conocer\u00e1 la Comisi\u00f3n Nacional del Salario. En total son 48 integrantes distribuidos en seis mesas que abordan las remuneraciones en las actividades agr\u00edcolas, no agr\u00edcolas y exportadoras y de maquila, que se dividen por circunscripciones econ\u00f3micas.\u00a0\u201cGuatemala tiene el potencial y el compromiso para alcanzar consensos que beneficien tanto a trabajadores como a empleadores\u201d. <strong>Damaris Oliva,<\/strong> Viceministra de Administraci\u00f3n y Trabajo. En la actividad, la viceministra de Administraci\u00f3n y de Trabajo, Damaris Oliva, llam\u00f3 al di\u00e1logo a los sectores y a la b\u00fasqueda de acuerdos: \u201cLes pedimos que con an\u00e1lisis y la informaci\u00f3n necesaria, busquen un consenso en este espacio crucial para el pa\u00eds. Ya basta de confrontaci\u00f3n, tenemos serios desaf\u00edos que enfrentar\u201d, agreg\u00f3, tras recordar que en septiembre deber\u00e1n remitir los estudios a la Comisi\u00f3n Nacional del Salario. (DCA 10.02.26)<\/p>\n","protected":false},"excerpt":{"rendered":"<p>Las comisiones paritarias de salario m\u00ednimo para el per\u00edodo 2026-2027, integradas por representantes de los sectores empleador, trabajador e inspectores laborales, fueron juramentadas por el Ministerio de Trabajo y Previsi\u00f3n Social (Mintrab).\u00a0De acuerdo con&#46;&#46;&#46;<\/p>\n","protected":false},"author":1,"featured_media":48470,"comment_status":"open","ping_status":"closed","sticky":false,"template":"","format":"standard","meta":{"footnotes":""},"categories":[49],"tags":[],"class_list":["post-69163","post","type-post","status-publish","format-standard","has-post-thumbnail","hentry","category-poblacion-empleos-y-salarios"],"_links":{"self":[{"href":"https:\/\/copades.com\/monec\/index.php?rest_route=\/wp\/v2\/posts\/69163","targetHints":{"allow":["GET"]}}],"collection":[{"href":"https:\/\/copades.com\/monec\/index.php?rest_route=\/wp\/v2\/posts"}],"about":[{"href":"https:\/\/copades.com\/monec\/index.php?rest_route=\/wp\/v2\/types\/post"}],"author":[{"embeddable":true,"href":"https:\/\/copades.com\/monec\/index.php?rest_route=\/wp\/v2\/users\/1"}],"replies":[{"embeddable":true,"href":"https:\/\/copades.com\/monec\/index.php?rest_route=%2Fwp%2Fv2%2Fcomments&post=69163"}],"version-history":[{"count":1,"href":"https:\/\/copades.com\/monec\/index.php?rest_route=\/wp\/v2\/posts\/69163\/revisions"}],"predecessor-version":[{"id":69164,"href":"https:\/\/copades.com\/monec\/index.php?rest_route=\/wp\/v2\/posts\/69163\/revisions\/69164"}],"wp:featuredmedia":[{"embeddable":true,"href":"https:\/\/copades.com\/monec\/index.php?rest_route=\/wp\/v2\/media\/48470"}],"wp:attachment":[{"href":"https:\/\/copades.com\/monec\/index.php?rest_route=%2Fwp%2Fv2%2Fmedia&parent=69163"}],"wp:term":[{"taxonomy":"category","embeddable":true,"href":"https:\/\/copades.com\/monec\/index.php?rest_route=%2Fwp%2Fv2%2Fcategories&post=69163"},{"taxonomy":"post_tag","embeddable":true,"href":"https:\/\/copades.com\/monec\/index.php?rest_route=%2Fwp%2Fv2%2Ftags&post=69163"}],"curies":[{"name":"wp","href":"https:\/\/api.w.org\/{rel}","templated":true}]}}