{"id":69173,"date":"2026-02-11T10:22:58","date_gmt":"2026-02-11T16:22:58","guid":{"rendered":"https:\/\/copades.com\/monec\/?p=69173"},"modified":"2026-02-11T10:22:58","modified_gmt":"2026-02-11T16:22:58","slug":"trafico-de-pasajeros-crecio-8-6-en-america-latina-durante-2025","status":"publish","type":"post","link":"https:\/\/copades.com\/monec\/?p=69173","title":{"rendered":"Tr\u00e1fico de pasajeros creci\u00f3 8.6% en Am\u00e9rica Latina durante 2025"},"content":{"rendered":"<p style=\"text-align: justify;\">Las aerol\u00edneas de Am\u00e9rica Latina y el Caribe registraron un aumento de un 8.6% interanual en el tr\u00e1fico de pasajeros el a\u00f1o pasado, de acuerdo con cifras preliminares de la Asociaci\u00f3n Internacional de Transporte A\u00e9reo (IATA por sus siglas en ingl\u00e9s). El a\u00f1o pasado, las aerol\u00edneas de la regi\u00f3n aumentaron en un 10.2% su capacidad y el factor de ocupaci\u00f3n disminuy\u00f3 1.2 puntos porcentuales hasta el 83.6%, en lo que fue \u201cla mayor ca\u00edda del factor de ocupaci\u00f3n de todas las regiones\u201d que mide la asociaci\u00f3n.\u00a0En diciembre de 2025, el tr\u00e1fico de pasajeros creci\u00f3 un 6.8% en comparaci\u00f3n con el mes previo, la capacidad de las aerol\u00edneas tambi\u00e9n aument\u00f3 un 6.8% en diciembre. El tr\u00e1fico internacional de pasajeros creci\u00f3 un 8.2% interanual ese mes. Este crecimiento fue apuntalado por el auge del segmento internacional, as\u00ed como el s\u00f3lido desempe\u00f1o de mercados dom\u00e9sticos como Brasil. A finales del a\u00f1o pasado, IATA preve\u00eda un crecimiento del 7% en la aviaci\u00f3n regional.\u00a0A nivel global, la demanda total anual en el mercado de pasajeros -medida en pasajeros transportados por kil\u00f3metros- aument\u00f3 un 5.3% el a\u00f1o pasado, en comparaci\u00f3n con el 2024.\u00a0Mientras que la capacidad total, medida en asientos disponibles por kil\u00f3metros, aument\u00f3 un 5.2% en 2025. El factor de ocupaci\u00f3n general de pasajeros alcanz\u00f3 el 83.6%, un r\u00e9cord para el tr\u00e1fico de un a\u00f1o completo. Las aerol\u00edneas de Am\u00e9rica Latina y el Caribe registraron un crecimiento interanual de la demanda de carga a\u00e9rea del 2.3% en 2025, seg\u00fan la organizaci\u00f3n, mientras que la capacidad aument\u00f3 un 4.5% interanual. La demanda interanual en diciembre disminuy\u00f3 un 4.1%, debido a un menor rendimiento de todas las regiones. \u201cLa fortaleza del comercio electr\u00f3nico global impuls\u00f3 los vol\u00famenes, incluso cuando las relaciones comerciales con Estados Unidos se enfrentaron al aumento de aranceles, la eliminaci\u00f3n de las exenciones arancelarias de minimis y la continua incertidumbre pol\u00edtica. El transporte a\u00e9reo de carga estuvo a la altura de las circunstancias\u201d, destac\u00f3 el director general de IATA, <strong>Willie Walsh<\/strong>. (eleconomista.net 11.02.26)<\/p>\n","protected":false},"excerpt":{"rendered":"<p>Las aerol\u00edneas de Am\u00e9rica Latina y el Caribe registraron un aumento de un 8.6% interanual en el tr\u00e1fico de pasajeros el a\u00f1o pasado, de acuerdo con cifras preliminares de la Asociaci\u00f3n Internacional de Transporte&#46;&#46;&#46;<\/p>\n","protected":false},"author":1,"featured_media":49395,"comment_status":"open","ping_status":"closed","sticky":false,"template":"","format":"standard","meta":{"footnotes":""},"categories":[55],"tags":[],"class_list":["post-69173","post","type-post","status-publish","format-standard","has-post-thumbnail","hentry","category-internacionales-seleccion"],"_links":{"self":[{"href":"https:\/\/copades.com\/monec\/index.php?rest_route=\/wp\/v2\/posts\/69173","targetHints":{"allow":["GET"]}}],"collection":[{"href":"https:\/\/copades.com\/monec\/index.php?rest_route=\/wp\/v2\/posts"}],"about":[{"href":"https:\/\/copades.com\/monec\/index.php?rest_route=\/wp\/v2\/types\/post"}],"author":[{"embeddable":true,"href":"https:\/\/copades.com\/monec\/index.php?rest_route=\/wp\/v2\/users\/1"}],"replies":[{"embeddable":true,"href":"https:\/\/copades.com\/monec\/index.php?rest_route=%2Fwp%2Fv2%2Fcomments&post=69173"}],"version-history":[{"count":1,"href":"https:\/\/copades.com\/monec\/index.php?rest_route=\/wp\/v2\/posts\/69173\/revisions"}],"predecessor-version":[{"id":69174,"href":"https:\/\/copades.com\/monec\/index.php?rest_route=\/wp\/v2\/posts\/69173\/revisions\/69174"}],"wp:featuredmedia":[{"embeddable":true,"href":"https:\/\/copades.com\/monec\/index.php?rest_route=\/wp\/v2\/media\/49395"}],"wp:attachment":[{"href":"https:\/\/copades.com\/monec\/index.php?rest_route=%2Fwp%2Fv2%2Fmedia&parent=69173"}],"wp:term":[{"taxonomy":"category","embeddable":true,"href":"https:\/\/copades.com\/monec\/index.php?rest_route=%2Fwp%2Fv2%2Fcategories&post=69173"},{"taxonomy":"post_tag","embeddable":true,"href":"https:\/\/copades.com\/monec\/index.php?rest_route=%2Fwp%2Fv2%2Ftags&post=69173"}],"curies":[{"name":"wp","href":"https:\/\/api.w.org\/{rel}","templated":true}]}}