{"id":69175,"date":"2026-02-11T10:23:25","date_gmt":"2026-02-11T16:23:25","guid":{"rendered":"https:\/\/copades.com\/monec\/?p=69175"},"modified":"2026-02-11T10:23:25","modified_gmt":"2026-02-11T16:23:25","slug":"eurocamara-suspenderia-convenio","status":"publish","type":"post","link":"https:\/\/copades.com\/monec\/?p=69175","title":{"rendered":"Euroc\u00e1mara suspender\u00eda convenio"},"content":{"rendered":"<p style=\"text-align: justify;\">Los eurodiputados a cargo del pacto comercial entre la Uni\u00f3n Europea (UE) y Estados Unidos acordaron una cl\u00e1usula para suspenderlo si el mandatario estadounidense, <strong>Donald Trump<\/strong>, introduce nuevos aranceles a pa\u00edses europeos o amenaza la integridad territorial del bloque comunitario, como ocurri\u00f3 durante la crisis de Groenlandia. De esta forma, se pusieron de acuerdo para avanzar en la ratificaci\u00f3n del pacto, al que tambi\u00e9n quieren a\u00f1adirle una disposici\u00f3n de extinci\u00f3n en marzo de 2028 y un plazo de seis meses para evaluar las medidas que adopte Washington para reducir grav\u00e1menes a derivados de acero y aluminio. Esto significa que el acuerdo UE-EE. UU., cerrado en el verano de 2025 para evitar la escalada impositiva entre ambos, podr\u00e1 votarse en la comisi\u00f3n de Comercio del Parlamento Europeo el pr\u00f3ximo 24 de febrero y en el pleno de la Euroc\u00e1mara, en marzo, para luego negociar el dise\u00f1o final con las naciones de la UE. Entre los t\u00e9rminos convenidos figura la opci\u00f3n de que Bruselas revise el texto en su conjunto si la administraci\u00f3n Trump no reduce los tributos a bienes provenientes del acero desde el 50% actual al 15%, base que cubre la mayor\u00eda de los productos europeos que se exportan a Estados Unidos. (DCA 11.02.26)<\/p>\n","protected":false},"excerpt":{"rendered":"<p>Los eurodiputados a cargo del pacto comercial entre la Uni\u00f3n Europea (UE) y Estados Unidos acordaron una cl\u00e1usula para suspenderlo si el mandatario estadounidense, Donald Trump, introduce nuevos aranceles a pa\u00edses europeos o amenaza&#46;&#46;&#46;<\/p>\n","protected":false},"author":1,"featured_media":48609,"comment_status":"open","ping_status":"closed","sticky":false,"template":"","format":"standard","meta":{"footnotes":""},"categories":[55],"tags":[],"class_list":["post-69175","post","type-post","status-publish","format-standard","has-post-thumbnail","hentry","category-internacionales-seleccion"],"_links":{"self":[{"href":"https:\/\/copades.com\/monec\/index.php?rest_route=\/wp\/v2\/posts\/69175","targetHints":{"allow":["GET"]}}],"collection":[{"href":"https:\/\/copades.com\/monec\/index.php?rest_route=\/wp\/v2\/posts"}],"about":[{"href":"https:\/\/copades.com\/monec\/index.php?rest_route=\/wp\/v2\/types\/post"}],"author":[{"embeddable":true,"href":"https:\/\/copades.com\/monec\/index.php?rest_route=\/wp\/v2\/users\/1"}],"replies":[{"embeddable":true,"href":"https:\/\/copades.com\/monec\/index.php?rest_route=%2Fwp%2Fv2%2Fcomments&post=69175"}],"version-history":[{"count":1,"href":"https:\/\/copades.com\/monec\/index.php?rest_route=\/wp\/v2\/posts\/69175\/revisions"}],"predecessor-version":[{"id":69176,"href":"https:\/\/copades.com\/monec\/index.php?rest_route=\/wp\/v2\/posts\/69175\/revisions\/69176"}],"wp:featuredmedia":[{"embeddable":true,"href":"https:\/\/copades.com\/monec\/index.php?rest_route=\/wp\/v2\/media\/48609"}],"wp:attachment":[{"href":"https:\/\/copades.com\/monec\/index.php?rest_route=%2Fwp%2Fv2%2Fmedia&parent=69175"}],"wp:term":[{"taxonomy":"category","embeddable":true,"href":"https:\/\/copades.com\/monec\/index.php?rest_route=%2Fwp%2Fv2%2Fcategories&post=69175"},{"taxonomy":"post_tag","embeddable":true,"href":"https:\/\/copades.com\/monec\/index.php?rest_route=%2Fwp%2Fv2%2Ftags&post=69175"}],"curies":[{"name":"wp","href":"https:\/\/api.w.org\/{rel}","templated":true}]}}