{"id":6941,"date":"2013-06-04T15:59:56","date_gmt":"2013-06-04T15:59:56","guid":{"rendered":"http:\/\/copades.com\/monec\/?p=6941"},"modified":"2013-06-04T15:59:56","modified_gmt":"2013-06-04T15:59:56","slug":"fmi-estima-mayor-recesion-para-francia","status":"publish","type":"post","link":"https:\/\/copades.com\/monec\/?p=6941","title":{"rendered":"FMI estima mayor recesi\u00f3n para Francia"},"content":{"rendered":"<p style=\"text-align: justify;\">La recesi\u00f3n ser\u00e1 ligeramente m\u00e1s intensa de lo previsto en 2013 para Francia, con una contracci\u00f3n de su PIB del 0.20%, y el retorno al crecimiento en 2014 ser\u00e1 menor de lo esperado (+0.80%), seg\u00fan previsiones del El Fondo Monetario Internacional (FMI). El FMI hab\u00eda augurado en sus anteriores previsiones de mediados de abril que Francia tendr\u00eda en 2013 una recesi\u00f3n del 0.10% y que en 2014 crecer\u00eda un 0.90%. El FMI recomienda adem\u00e1s que Francia mantenga el \u00abimpulso\u00bb de las reformas estructurales que lleva a cabo desde hace un a\u00f1o para acabar con la \u00abrigideces\u00bb que lastran su crecimiento. (Diario de Centroamerica 04.06.13)<\/p>\n","protected":false},"excerpt":{"rendered":"<p>La recesi\u00f3n ser\u00e1 ligeramente m\u00e1s intensa de lo previsto en 2013 para Francia, con una contracci\u00f3n de su PIB del 0.20%, y el retorno al crecimiento en 2014 ser\u00e1 menor de lo esperado (+0.80%),&#46;&#46;&#46;<\/p>\n","protected":false},"author":1,"featured_media":0,"comment_status":"open","ping_status":"closed","sticky":false,"template":"","format":"standard","meta":{"footnotes":""},"categories":[55],"tags":[98],"class_list":["post-6941","post","type-post","status-publish","format-standard","hentry","category-internacionales-seleccion","tag-fmi"],"_links":{"self":[{"href":"https:\/\/copades.com\/monec\/index.php?rest_route=\/wp\/v2\/posts\/6941","targetHints":{"allow":["GET"]}}],"collection":[{"href":"https:\/\/copades.com\/monec\/index.php?rest_route=\/wp\/v2\/posts"}],"about":[{"href":"https:\/\/copades.com\/monec\/index.php?rest_route=\/wp\/v2\/types\/post"}],"author":[{"embeddable":true,"href":"https:\/\/copades.com\/monec\/index.php?rest_route=\/wp\/v2\/users\/1"}],"replies":[{"embeddable":true,"href":"https:\/\/copades.com\/monec\/index.php?rest_route=%2Fwp%2Fv2%2Fcomments&post=6941"}],"version-history":[{"count":1,"href":"https:\/\/copades.com\/monec\/index.php?rest_route=\/wp\/v2\/posts\/6941\/revisions"}],"predecessor-version":[{"id":6942,"href":"https:\/\/copades.com\/monec\/index.php?rest_route=\/wp\/v2\/posts\/6941\/revisions\/6942"}],"wp:attachment":[{"href":"https:\/\/copades.com\/monec\/index.php?rest_route=%2Fwp%2Fv2%2Fmedia&parent=6941"}],"wp:term":[{"taxonomy":"category","embeddable":true,"href":"https:\/\/copades.com\/monec\/index.php?rest_route=%2Fwp%2Fv2%2Fcategories&post=6941"},{"taxonomy":"post_tag","embeddable":true,"href":"https:\/\/copades.com\/monec\/index.php?rest_route=%2Fwp%2Fv2%2Ftags&post=6941"}],"curies":[{"name":"wp","href":"https:\/\/api.w.org\/{rel}","templated":true}]}}