{"id":69751,"date":"2026-03-19T10:28:28","date_gmt":"2026-03-19T16:28:28","guid":{"rendered":"https:\/\/copades.com\/monec\/?p=69751"},"modified":"2026-03-19T10:28:28","modified_gmt":"2026-03-19T16:28:28","slug":"agricultura-mantiene-activa-alerta-por-gusano-barrenador","status":"publish","type":"post","link":"https:\/\/copades.com\/monec\/?p=69751","title":{"rendered":"Agricultura mantiene activa alerta por gusano barrenador"},"content":{"rendered":"<p style=\"text-align: justify;\">La ministra de Agricultura, Ganader\u00eda y Alimentaci\u00f3n (MAGA), <strong>Mar\u00eda Fernanda Rivera<\/strong>, se\u00f1al\u00f3 que se mantiene activa la alerta sanitaria por el gusano barrenador que afecta al ganado nacional.\u00a0La funcionaria destac\u00f3 que es \u201cimportante que los ganaderos y alcaldes municipales sepan que para erradicar el par\u00e1sito es crucial que haya un flujo de animales sanos, tratados y revisados, para despu\u00e9s moverlos al lugar de comercializaci\u00f3n\u201d.\u00a0Rivera record\u00f3 que, aunque no es una enfermedad incurable o que mate a las reses, es necesario que todos los sectores trabajen articuladamente para erradicar el mal. Desde el 2024, cuando se detectaron los primeros casos en el pa\u00eds, se han acumulado 4 mil 117\u00a0animales con dicho padecimiento y, hasta el 28 de febrero del a\u00f1o en curso, se reportaron 255 nuevos. El MAGA inform\u00f3 que mantiene puntos de inspecci\u00f3n y control de movilizaci\u00f3n en lugares estrat\u00e9gicos del pa\u00eds.\u00a0(DCA 19.03.26)<\/p>\n","protected":false},"excerpt":{"rendered":"<p>La ministra de Agricultura, Ganader\u00eda y Alimentaci\u00f3n (MAGA), Mar\u00eda Fernanda Rivera, se\u00f1al\u00f3 que se mantiene activa la alerta sanitaria por el gusano barrenador que afecta al ganado nacional.\u00a0La funcionaria destac\u00f3 que es \u201cimportante que&#46;&#46;&#46;<\/p>\n","protected":false},"author":1,"featured_media":48774,"comment_status":"open","ping_status":"closed","sticky":false,"template":"","format":"standard","meta":{"footnotes":""},"categories":[15],"tags":[],"class_list":["post-69751","post","type-post","status-publish","format-standard","has-post-thumbnail","hentry","category-ganaderia-silvicultura-pesca"],"_links":{"self":[{"href":"https:\/\/copades.com\/monec\/index.php?rest_route=\/wp\/v2\/posts\/69751","targetHints":{"allow":["GET"]}}],"collection":[{"href":"https:\/\/copades.com\/monec\/index.php?rest_route=\/wp\/v2\/posts"}],"about":[{"href":"https:\/\/copades.com\/monec\/index.php?rest_route=\/wp\/v2\/types\/post"}],"author":[{"embeddable":true,"href":"https:\/\/copades.com\/monec\/index.php?rest_route=\/wp\/v2\/users\/1"}],"replies":[{"embeddable":true,"href":"https:\/\/copades.com\/monec\/index.php?rest_route=%2Fwp%2Fv2%2Fcomments&post=69751"}],"version-history":[{"count":1,"href":"https:\/\/copades.com\/monec\/index.php?rest_route=\/wp\/v2\/posts\/69751\/revisions"}],"predecessor-version":[{"id":69752,"href":"https:\/\/copades.com\/monec\/index.php?rest_route=\/wp\/v2\/posts\/69751\/revisions\/69752"}],"wp:featuredmedia":[{"embeddable":true,"href":"https:\/\/copades.com\/monec\/index.php?rest_route=\/wp\/v2\/media\/48774"}],"wp:attachment":[{"href":"https:\/\/copades.com\/monec\/index.php?rest_route=%2Fwp%2Fv2%2Fmedia&parent=69751"}],"wp:term":[{"taxonomy":"category","embeddable":true,"href":"https:\/\/copades.com\/monec\/index.php?rest_route=%2Fwp%2Fv2%2Fcategories&post=69751"},{"taxonomy":"post_tag","embeddable":true,"href":"https:\/\/copades.com\/monec\/index.php?rest_route=%2Fwp%2Fv2%2Ftags&post=69751"}],"curies":[{"name":"wp","href":"https:\/\/api.w.org\/{rel}","templated":true}]}}