{"id":69812,"date":"2026-03-23T10:25:23","date_gmt":"2026-03-23T16:25:23","guid":{"rendered":"https:\/\/copades.com\/monec\/?p=69812"},"modified":"2026-03-23T10:25:23","modified_gmt":"2026-03-23T16:25:23","slug":"mercado-de-cardamomo-en-riesgo-por-conflicto","status":"publish","type":"post","link":"https:\/\/copades.com\/monec\/?p=69812","title":{"rendered":"Mercado de cardamomo en riesgo por conflicto"},"content":{"rendered":"<p style=\"text-align: justify;\">M\u00e1s del 90% de las exportaciones de cardamomo producido en Guatemala se destina al Medio Oriente; a partir de marzo, debido al conflicto b\u00e9lico en esa regi\u00f3n, el sector no ha podido hacer sus env\u00edos. El pa\u00eds es uno de los principales exportadores mundiales de cardamomo. En el estrecho de Ormuz circula el producto, ya que este se ubica frente a los mercados de Emiratos \u00c1rabes Unidos, Arabia Saudita y todo el Golfo P\u00e9rsico, y hacia esa regi\u00f3n es a donde se dirige la mayor\u00eda de las exportaciones guatemaltecas de cardamomo, explic\u00f3 <strong>Efra\u00edn \u00c1lvarez<\/strong>, gerente general de la Asociaci\u00f3n de Exportadores de Cardamomo de Guatemala (Adecar). El ejecutivo indic\u00f3 que la situaci\u00f3n es incierta, pues no se puede exportar hacia esa regi\u00f3n, y fue necesario redirigir algunos env\u00edos que estaban programados. \u201cEst\u00e1 golpeando muy fuerte, porque no se puede exportar\u201d, reconoci\u00f3. Actualmente, en el pa\u00eds las plantaciones se encuentran en \u00e9poca de cosecha, por lo que se est\u00e1 recogiendo el fruto para evitar su descomposici\u00f3n. Adem\u00e1s, se realiza el proceso de secado y se almacena; sin embargo, las exportaciones est\u00e1n suspendidas hacia Medio Oriente. El producto se almacena para ser enviado cuando haya una mejor oportunidad, o ya sea posible cruzar el estrecho de Ormuz, debido a que existen compromisos interanuales, agreg\u00f3. \u201cEl cardamomo de Guatemala es de muy buena calidad, por eso lo aprecian tanto en esos pa\u00edses\u201d, expres\u00f3 el ejecutivo. Desde Guatemala, el traslado hacia esa regi\u00f3n requiere unos 45 d\u00edas, \u201cpero hasta que no haya certeza de que no hay riesgo, ninguna naviera va a querer trabajar, tanto en la parte de los combustibles como en la de alimentos\u201d, expres\u00f3. (PL 23.03.26)<\/p>\n","protected":false},"excerpt":{"rendered":"<p>M\u00e1s del 90% de las exportaciones de cardamomo producido en Guatemala se destina al Medio Oriente; a partir de marzo, debido al conflicto b\u00e9lico en esa regi\u00f3n, el sector no ha podido hacer sus&#46;&#46;&#46;<\/p>\n","protected":false},"author":1,"featured_media":48579,"comment_status":"open","ping_status":"closed","sticky":false,"template":"","format":"standard","meta":{"footnotes":""},"categories":[31],"tags":[],"class_list":["post-69812","post","type-post","status-publish","format-standard","has-post-thumbnail","hentry","category-exportaciones-de-cardamomo"],"_links":{"self":[{"href":"https:\/\/copades.com\/monec\/index.php?rest_route=\/wp\/v2\/posts\/69812","targetHints":{"allow":["GET"]}}],"collection":[{"href":"https:\/\/copades.com\/monec\/index.php?rest_route=\/wp\/v2\/posts"}],"about":[{"href":"https:\/\/copades.com\/monec\/index.php?rest_route=\/wp\/v2\/types\/post"}],"author":[{"embeddable":true,"href":"https:\/\/copades.com\/monec\/index.php?rest_route=\/wp\/v2\/users\/1"}],"replies":[{"embeddable":true,"href":"https:\/\/copades.com\/monec\/index.php?rest_route=%2Fwp%2Fv2%2Fcomments&post=69812"}],"version-history":[{"count":1,"href":"https:\/\/copades.com\/monec\/index.php?rest_route=\/wp\/v2\/posts\/69812\/revisions"}],"predecessor-version":[{"id":69813,"href":"https:\/\/copades.com\/monec\/index.php?rest_route=\/wp\/v2\/posts\/69812\/revisions\/69813"}],"wp:featuredmedia":[{"embeddable":true,"href":"https:\/\/copades.com\/monec\/index.php?rest_route=\/wp\/v2\/media\/48579"}],"wp:attachment":[{"href":"https:\/\/copades.com\/monec\/index.php?rest_route=%2Fwp%2Fv2%2Fmedia&parent=69812"}],"wp:term":[{"taxonomy":"category","embeddable":true,"href":"https:\/\/copades.com\/monec\/index.php?rest_route=%2Fwp%2Fv2%2Fcategories&post=69812"},{"taxonomy":"post_tag","embeddable":true,"href":"https:\/\/copades.com\/monec\/index.php?rest_route=%2Fwp%2Fv2%2Ftags&post=69812"}],"curies":[{"name":"wp","href":"https:\/\/api.w.org\/{rel}","templated":true}]}}