{"id":701,"date":"2011-12-17T21:25:37","date_gmt":"2011-12-17T21:25:37","guid":{"rendered":"http:\/\/copades.com\/monec\/?p=701"},"modified":"2012-01-10T21:26:52","modified_gmt":"2012-01-10T21:26:52","slug":"bm-prestara-us100-millones-para-educacion","status":"publish","type":"post","link":"https:\/\/copades.com\/monec\/?p=701","title":{"rendered":"BM prestar\u00e1 US$100 millones para educaci\u00f3n"},"content":{"rendered":"<p style=\"text-align: justify;\">El Banco Mundial (BM) entregar\u00e1 US$100.0 millones a Guatemala para apoyar la educaci\u00f3n de 2.8 millones de ni\u00f1os, como tambi\u00e9n para servicios m\u00e9dicos, luego de que el pa\u00eds fuera afectado por los desastres naturales en los \u00faltimos dos a\u00f1os. \u00a0La entrega del cr\u00e9dito se dio a conocer en la reuni\u00f3n del \u201cGrupo Consultivo para la reconstrucci\u00f3n y desarrollo de Centroam\u00e9rica\u201d. \u00a0Dicho pr\u00e9stamo vencer\u00e1 en 26.5 a\u00f1os y los primeros 8.5 a\u00f1os, ser\u00e1n un periodo de gracia. \u00a0El financiamiento fue aprobado en noviembre pasado por el Congreso, la cual se realiza en El Salvador, donde asisti\u00f3 el ministro de Finanzas P\u00fablicas, <strong>Alfredo Del Cid<\/strong>, quien se comprometi\u00f3 con el director del BM, para Centroam\u00e9rica, <strong>Felipe Jaramillo<\/strong>, a destinar los fondos para dichos programas. (Siglo XXI\/El Periodico 17.12.11)<\/p>\n","protected":false},"excerpt":{"rendered":"<p>El Banco Mundial (BM) entregar\u00e1 US$100.0 millones a Guatemala para apoyar la educaci\u00f3n de 2.8 millones de ni\u00f1os, como tambi\u00e9n para servicios m\u00e9dicos, luego de que el pa\u00eds fuera afectado por los desastres naturales&#46;&#46;&#46;<\/p>\n","protected":false},"author":1,"featured_media":0,"comment_status":"open","ping_status":"closed","sticky":false,"template":"","format":"standard","meta":{"footnotes":""},"categories":[44],"tags":[119],"class_list":["post-701","post","type-post","status-publish","format-standard","hentry","category-cooperacion-internacional","tag-bm"],"_links":{"self":[{"href":"https:\/\/copades.com\/monec\/index.php?rest_route=\/wp\/v2\/posts\/701","targetHints":{"allow":["GET"]}}],"collection":[{"href":"https:\/\/copades.com\/monec\/index.php?rest_route=\/wp\/v2\/posts"}],"about":[{"href":"https:\/\/copades.com\/monec\/index.php?rest_route=\/wp\/v2\/types\/post"}],"author":[{"embeddable":true,"href":"https:\/\/copades.com\/monec\/index.php?rest_route=\/wp\/v2\/users\/1"}],"replies":[{"embeddable":true,"href":"https:\/\/copades.com\/monec\/index.php?rest_route=%2Fwp%2Fv2%2Fcomments&post=701"}],"version-history":[{"count":1,"href":"https:\/\/copades.com\/monec\/index.php?rest_route=\/wp\/v2\/posts\/701\/revisions"}],"predecessor-version":[{"id":702,"href":"https:\/\/copades.com\/monec\/index.php?rest_route=\/wp\/v2\/posts\/701\/revisions\/702"}],"wp:attachment":[{"href":"https:\/\/copades.com\/monec\/index.php?rest_route=%2Fwp%2Fv2%2Fmedia&parent=701"}],"wp:term":[{"taxonomy":"category","embeddable":true,"href":"https:\/\/copades.com\/monec\/index.php?rest_route=%2Fwp%2Fv2%2Fcategories&post=701"},{"taxonomy":"post_tag","embeddable":true,"href":"https:\/\/copades.com\/monec\/index.php?rest_route=%2Fwp%2Fv2%2Ftags&post=701"}],"curies":[{"name":"wp","href":"https:\/\/api.w.org\/{rel}","templated":true}]}}