{"id":70255,"date":"2026-04-27T10:36:40","date_gmt":"2026-04-27T16:36:40","guid":{"rendered":"https:\/\/copades.com\/monec\/?p=70255"},"modified":"2026-04-27T10:36:40","modified_gmt":"2026-04-27T16:36:40","slug":"precio-del-petroleo-es-el-mayor-riesgo-fiscal-para-el-salvador-fitch","status":"publish","type":"post","link":"https:\/\/copades.com\/monec\/?p=70255","title":{"rendered":"Precio del petr\u00f3leo es el mayor riesgo fiscal para El Salvador: Fitch"},"content":{"rendered":"<p style=\"text-align: justify;\">El precio del petr\u00f3leo es el mayor riesgo fiscal para El Salvador, asegur\u00f3 la agencia Fitch Ratings en su \u00faltimo informe sobre el pa\u00eds, donde ratifica la calificaci\u00f3n de B- que otorg\u00f3 en enero de 2025. La calificadora espera que este a\u00f1o contin\u00fae la consolidaci\u00f3n fiscal, pero advierte que los precios del petr\u00f3leo son un riesgo, sobre todo si el gobierno decide tomar decisiones como en 2022 para contenerlos. \u201cUn choque m\u00e1s agudo y persistente en los precios del petr\u00f3leo es el principal riesgo fiscal a corto plazo si impulsa esfuerzos para gestionar los precios internos de los combustibles a un costo fiscal, como ocurri\u00f3 en 2022\u201d, se\u00f1ala Fitch. En 2022, el gobierno impuso un IVA diferenciado para la compra de combustible y este, en lugar de ser 13 %, rond\u00f3 de manera temporal entre el 1.75 y 5 %. Adem\u00e1s, elimin\u00f3 de manera temporal el FEFE (Fondo de Estabilizaci\u00f3n para el Fomento Econ\u00f3mico) y la COTRANS (Contribuci\u00f3n al Transporte). En el pa\u00eds, desde que inici\u00f3 la guerra en el medio oriente, el precio del combustible se ha encarecido hasta unos $0.84 por gal\u00f3n y se espera que las alzas contin\u00faen la pr\u00f3xima semana. A nivel internacional, el precio del crudo cerr\u00f3 ayer viernes en $94.4 el barril. El lunes se esperan nuevos cambios. Recientemente, el vicepresidente de cr\u00e9ditos de <em>Moody&#8217;s<\/em>, <strong>Jaime Reusche<\/strong>, se\u00f1al\u00f3 que el espacio fiscal es m\u00e1s reducido de lo que era en 2022 para tomar medidas. \u00a0(eleconomista.net 27.04.26)<\/p>\n","protected":false},"excerpt":{"rendered":"<p>El precio del petr\u00f3leo es el mayor riesgo fiscal para El Salvador, asegur\u00f3 la agencia Fitch Ratings en su \u00faltimo informe sobre el pa\u00eds, donde ratifica la calificaci\u00f3n de B- que otorg\u00f3 en enero&#46;&#46;&#46;<\/p>\n","protected":false},"author":1,"featured_media":58776,"comment_status":"open","ping_status":"closed","sticky":false,"template":"","format":"standard","meta":{"footnotes":""},"categories":[54],"tags":[],"class_list":["post-70255","post","type-post","status-publish","format-standard","has-post-thumbnail","hentry","category-centroamerica-seleccion"],"_links":{"self":[{"href":"https:\/\/copades.com\/monec\/index.php?rest_route=\/wp\/v2\/posts\/70255","targetHints":{"allow":["GET"]}}],"collection":[{"href":"https:\/\/copades.com\/monec\/index.php?rest_route=\/wp\/v2\/posts"}],"about":[{"href":"https:\/\/copades.com\/monec\/index.php?rest_route=\/wp\/v2\/types\/post"}],"author":[{"embeddable":true,"href":"https:\/\/copades.com\/monec\/index.php?rest_route=\/wp\/v2\/users\/1"}],"replies":[{"embeddable":true,"href":"https:\/\/copades.com\/monec\/index.php?rest_route=%2Fwp%2Fv2%2Fcomments&post=70255"}],"version-history":[{"count":1,"href":"https:\/\/copades.com\/monec\/index.php?rest_route=\/wp\/v2\/posts\/70255\/revisions"}],"predecessor-version":[{"id":70256,"href":"https:\/\/copades.com\/monec\/index.php?rest_route=\/wp\/v2\/posts\/70255\/revisions\/70256"}],"wp:featuredmedia":[{"embeddable":true,"href":"https:\/\/copades.com\/monec\/index.php?rest_route=\/wp\/v2\/media\/58776"}],"wp:attachment":[{"href":"https:\/\/copades.com\/monec\/index.php?rest_route=%2Fwp%2Fv2%2Fmedia&parent=70255"}],"wp:term":[{"taxonomy":"category","embeddable":true,"href":"https:\/\/copades.com\/monec\/index.php?rest_route=%2Fwp%2Fv2%2Fcategories&post=70255"},{"taxonomy":"post_tag","embeddable":true,"href":"https:\/\/copades.com\/monec\/index.php?rest_route=%2Fwp%2Fv2%2Ftags&post=70255"}],"curies":[{"name":"wp","href":"https:\/\/api.w.org\/{rel}","templated":true}]}}