{"id":70257,"date":"2026-04-27T10:39:28","date_gmt":"2026-04-27T16:39:28","guid":{"rendered":"https:\/\/copades.com\/monec\/?p=70257"},"modified":"2026-04-27T10:39:28","modified_gmt":"2026-04-27T16:39:28","slug":"sector-aeronautico-apunta-a-duplicar-empleos-en-el-salvador","status":"publish","type":"post","link":"https:\/\/copades.com\/monec\/?p=70257","title":{"rendered":"Sector aeron\u00e1utico apunta a duplicar empleos en El Salvador"},"content":{"rendered":"<p style=\"text-align: justify;\">El sector aeron\u00e1utico en El Salvador proyecta duplicar el n\u00famero de empleos en menos de una d\u00e9cada, impulsado por el crecimiento del tr\u00e1fico de pasajeros, la atracci\u00f3n de inversiones y el desarrollo de infraestructura vinculada a la industria, seg\u00fan el Aerocluster de El Salvador. <strong>Iv\u00e1n Navarro<\/strong>, presidente de Aerocluster y CEO de AirSupport Group, indic\u00f3 que actualmente el sector genera cerca de 10,000 empleos y que la meta es superar esa cifra en los pr\u00f3ximos a\u00f1os. \u201cEl n\u00famero de pasajeros ha crecido significativamente, pasando de 2.5 millones en 2021 a casi 5.5 millones en la actualidad, lo que representa un crecimiento de doble d\u00edgito en menos de cuatro a\u00f1os\u201d, afirm\u00f3. En paralelo, el sector busca aprovechar los cambios en el marco legal salvadore\u00f1o, como la Ley de Asocios P\u00fablico Privados (APP), para atraer capital. \u201cIniciaremos estudios para identificar oportunidades. La idea es entender qu\u00e9 necesidades hay all\u00e1 afuera\u201d, explic\u00f3. El ejecutivo destac\u00f3 como referencia la APP entre ADIMEX de El Salvador y la Comisi\u00f3n Ejecutiva Portuaria Aut\u00f3noma (CEPA), y subray\u00f3 que el fortalecimiento del marco regulatorio es clave para atraer empresas de mayor tama\u00f1o, incluyendo fabricantes de aeronaves. (eleconomista.net 27.04.26)<\/p>\n","protected":false},"excerpt":{"rendered":"<p>El sector aeron\u00e1utico en El Salvador proyecta duplicar el n\u00famero de empleos en menos de una d\u00e9cada, impulsado por el crecimiento del tr\u00e1fico de pasajeros, la atracci\u00f3n de inversiones y el desarrollo de infraestructura&#46;&#46;&#46;<\/p>\n","protected":false},"author":1,"featured_media":49900,"comment_status":"open","ping_status":"closed","sticky":false,"template":"","format":"standard","meta":{"footnotes":""},"categories":[54],"tags":[],"class_list":["post-70257","post","type-post","status-publish","format-standard","has-post-thumbnail","hentry","category-centroamerica-seleccion"],"_links":{"self":[{"href":"https:\/\/copades.com\/monec\/index.php?rest_route=\/wp\/v2\/posts\/70257","targetHints":{"allow":["GET"]}}],"collection":[{"href":"https:\/\/copades.com\/monec\/index.php?rest_route=\/wp\/v2\/posts"}],"about":[{"href":"https:\/\/copades.com\/monec\/index.php?rest_route=\/wp\/v2\/types\/post"}],"author":[{"embeddable":true,"href":"https:\/\/copades.com\/monec\/index.php?rest_route=\/wp\/v2\/users\/1"}],"replies":[{"embeddable":true,"href":"https:\/\/copades.com\/monec\/index.php?rest_route=%2Fwp%2Fv2%2Fcomments&post=70257"}],"version-history":[{"count":1,"href":"https:\/\/copades.com\/monec\/index.php?rest_route=\/wp\/v2\/posts\/70257\/revisions"}],"predecessor-version":[{"id":70258,"href":"https:\/\/copades.com\/monec\/index.php?rest_route=\/wp\/v2\/posts\/70257\/revisions\/70258"}],"wp:featuredmedia":[{"embeddable":true,"href":"https:\/\/copades.com\/monec\/index.php?rest_route=\/wp\/v2\/media\/49900"}],"wp:attachment":[{"href":"https:\/\/copades.com\/monec\/index.php?rest_route=%2Fwp%2Fv2%2Fmedia&parent=70257"}],"wp:term":[{"taxonomy":"category","embeddable":true,"href":"https:\/\/copades.com\/monec\/index.php?rest_route=%2Fwp%2Fv2%2Fcategories&post=70257"},{"taxonomy":"post_tag","embeddable":true,"href":"https:\/\/copades.com\/monec\/index.php?rest_route=%2Fwp%2Fv2%2Ftags&post=70257"}],"curies":[{"name":"wp","href":"https:\/\/api.w.org\/{rel}","templated":true}]}}