{"id":70267,"date":"2026-04-27T10:45:30","date_gmt":"2026-04-27T16:45:30","guid":{"rendered":"https:\/\/copades.com\/monec\/?p=70267"},"modified":"2026-04-27T10:45:30","modified_gmt":"2026-04-27T16:45:30","slug":"republica-dominicana-y-guatemala-acuerdan-fortalecer-la-cooperacion-economica","status":"publish","type":"post","link":"https:\/\/copades.com\/monec\/?p=70267","title":{"rendered":"Rep\u00fablica Dominicana y Guatemala acuerdan fortalecer la cooperaci\u00f3n econ\u00f3mica"},"content":{"rendered":"<p style=\"text-align: justify;\">Rep\u00fablica Dominicana y Guatemala firmaron este jueves un memorando de entendimiento para establecer un Foro Pol\u00edtico Empresarial, con el fin de fortalecer la cooperaci\u00f3n econ\u00f3mica, promover el comercio y fomentar las inversiones bilaterales, inform\u00f3 la Canciller\u00eda en un documento. El instrumento, suscrito por el canciller dominicano, <strong>Roberto \u00c1lvarez,<\/strong> y su hom\u00f3logo guatemalteco, <strong>Carlos Mart\u00ednez Alvarado<\/strong>, contempla que este foro sirva como plataforma de di\u00e1logo entre autoridades gubernamentales y representantes del sector privado, identificar oportunidades de negocios, facilitar el acceso a mercados y promover proyectos de inversi\u00f3n conjunta. Asimismo, se plantea que el espacio permita el intercambio de informaci\u00f3n, experiencias y mejores pr\u00e1cticas, contribuyendo al desarrollo del ambiente de negocios y al fortalecimiento de las relaciones comerciales bilaterales. Entre los temas a abordar en el foro figuran presentar facilidades para el comercio y el impulso a las inversiones. El acuerdo prev\u00e9 que los encuentros se realicen anualmente o cuando las partes lo determinen, de manera alterna entre ambos pa\u00edses, as\u00ed como la conformaci\u00f3n de un grupo de trabajo encargado de dar seguimiento a las iniciativas y coordinar las acciones derivadas de este mecanismo. De acuerdo a la Canciller\u00eda, los altos cargos dominicano y guatemalteco destacaron la importancia de este instrumento como una herramienta para \u201cdinamizar\u201d las relaciones econ\u00f3micas y fomentar una mayor participaci\u00f3n del sector privado en la agenda bilateral, as\u00ed como para aprovechar de manera m\u00e1s efectiva las oportunidades que ofrece el tratado de libre comercio entre Estados Unidos, Centroam\u00e9rica y Rep\u00fablica Dominicana. Rep\u00fablica Dominicana y Guatemala no contaban con un instrumento estrictamente bilateral para impulsar el comercio, dado que los acuerdos existentes son compartidos con los dem\u00e1s pa\u00edses de Centroam\u00e9rica. (forbescentroamerica.com 27.04.26)<\/p>\n","protected":false},"excerpt":{"rendered":"<p>Rep\u00fablica Dominicana y Guatemala firmaron este jueves un memorando de entendimiento para establecer un Foro Pol\u00edtico Empresarial, con el fin de fortalecer la cooperaci\u00f3n econ\u00f3mica, promover el comercio y fomentar las inversiones bilaterales, inform\u00f3&#46;&#46;&#46;<\/p>\n","protected":false},"author":1,"featured_media":48328,"comment_status":"open","ping_status":"closed","sticky":false,"template":"","format":"standard","meta":{"footnotes":""},"categories":[11],"tags":[],"class_list":["post-70267","post","type-post","status-publish","format-standard","has-post-thumbnail","hentry","category-construccion-e-infraestructura"],"_links":{"self":[{"href":"https:\/\/copades.com\/monec\/index.php?rest_route=\/wp\/v2\/posts\/70267","targetHints":{"allow":["GET"]}}],"collection":[{"href":"https:\/\/copades.com\/monec\/index.php?rest_route=\/wp\/v2\/posts"}],"about":[{"href":"https:\/\/copades.com\/monec\/index.php?rest_route=\/wp\/v2\/types\/post"}],"author":[{"embeddable":true,"href":"https:\/\/copades.com\/monec\/index.php?rest_route=\/wp\/v2\/users\/1"}],"replies":[{"embeddable":true,"href":"https:\/\/copades.com\/monec\/index.php?rest_route=%2Fwp%2Fv2%2Fcomments&post=70267"}],"version-history":[{"count":1,"href":"https:\/\/copades.com\/monec\/index.php?rest_route=\/wp\/v2\/posts\/70267\/revisions"}],"predecessor-version":[{"id":70268,"href":"https:\/\/copades.com\/monec\/index.php?rest_route=\/wp\/v2\/posts\/70267\/revisions\/70268"}],"wp:featuredmedia":[{"embeddable":true,"href":"https:\/\/copades.com\/monec\/index.php?rest_route=\/wp\/v2\/media\/48328"}],"wp:attachment":[{"href":"https:\/\/copades.com\/monec\/index.php?rest_route=%2Fwp%2Fv2%2Fmedia&parent=70267"}],"wp:term":[{"taxonomy":"category","embeddable":true,"href":"https:\/\/copades.com\/monec\/index.php?rest_route=%2Fwp%2Fv2%2Fcategories&post=70267"},{"taxonomy":"post_tag","embeddable":true,"href":"https:\/\/copades.com\/monec\/index.php?rest_route=%2Fwp%2Fv2%2Ftags&post=70267"}],"curies":[{"name":"wp","href":"https:\/\/api.w.org\/{rel}","templated":true}]}}