{"id":70279,"date":"2026-04-28T10:24:44","date_gmt":"2026-04-28T16:24:44","guid":{"rendered":"https:\/\/copades.com\/monec\/?p=70279"},"modified":"2026-04-28T10:24:44","modified_gmt":"2026-04-28T16:24:44","slug":"cepal-reduce-las-proyecciones-de-crecimiento-para-america-latina","status":"publish","type":"post","link":"https:\/\/copades.com\/monec\/?p=70279","title":{"rendered":"CEPAL reduce las proyecciones de crecimiento para Am\u00e9rica Latina"},"content":{"rendered":"<p style=\"text-align: justify;\">La Comisi\u00f3n Econ\u00f3mica para Am\u00e9rica Latina y el Caribe (CEPAL) anunci\u00f3 este lunes que reduce levemente las proyecciones de crecimiento para Am\u00e9rica Latina y el Caribe por el impacto de las tensiones geopol\u00edticas y las presiones en inflacionarias, y en general la regi\u00f3n crecer\u00e1 un 2.2%. En 24 de los 33 pa\u00edses de la regi\u00f3n se desacelerar\u00eda el crecimiento en 2026, uno de ellos es El Salvador. En las \u00faltimas proyecciones de diciembre, la CEPAL estimaba que el crecimiento ser\u00eda de 3.4% y mientras que ahora lo reduce una d\u00e9cima a 3.3%. La tasa es similar a la estimada por el Fondo Monetario Internacional (FMI) y m\u00e1s alta que la estimada por el Banco Mundial que proyecta un 3.2% y va conforme a la proyectada por el Banco Central de Reserva que va en el rango del 3 al 3.5%. Asimismo, es la m\u00e1s baja del \u00e1rea centroamericana, ya que seg\u00fan la CEPAL Guatemala crecer\u00e1 4%, Honduras 3.8%, Nicaragua 4.5% , Costa Rica 3.9% y Panam\u00e1 4%. En general para Am\u00e9rica Latina, \u201cel deterioro del escenario externo es uno de los principales factores detr\u00e1s de la revisi\u00f3n a la baja de las proyecciones de crecimiento regional. Durante los primeros cuatro meses del presente a\u00f1o, el aumento de las tensiones geopol\u00edticas y el conflicto b\u00e9lico en Medio Oriente han elevado la incertidumbre global y la volatilidad en los mercados financieros y de materias primas\u201d, se\u00f1al\u00f3 la CEPAL en su comunicado. Solo en el costo del petr\u00f3leo en las tres primeras semanas de abril se ubic\u00f3 un 74% por encima del valor promedio de diciembre de 2025, generando presiones inflacionarias globales y encareciendo los costos de producci\u00f3n y transporte, detall\u00f3 la instituci\u00f3n. (eleconomista.net 28.04.26)<\/p>\n","protected":false},"excerpt":{"rendered":"<p>La Comisi\u00f3n Econ\u00f3mica para Am\u00e9rica Latina y el Caribe (CEPAL) anunci\u00f3 este lunes que reduce levemente las proyecciones de crecimiento para Am\u00e9rica Latina y el Caribe por el impacto de las tensiones geopol\u00edticas y&#46;&#46;&#46;<\/p>\n","protected":false},"author":1,"featured_media":65293,"comment_status":"open","ping_status":"closed","sticky":false,"template":"","format":"standard","meta":{"footnotes":""},"categories":[54],"tags":[],"class_list":["post-70279","post","type-post","status-publish","format-standard","has-post-thumbnail","hentry","category-centroamerica-seleccion"],"_links":{"self":[{"href":"https:\/\/copades.com\/monec\/index.php?rest_route=\/wp\/v2\/posts\/70279","targetHints":{"allow":["GET"]}}],"collection":[{"href":"https:\/\/copades.com\/monec\/index.php?rest_route=\/wp\/v2\/posts"}],"about":[{"href":"https:\/\/copades.com\/monec\/index.php?rest_route=\/wp\/v2\/types\/post"}],"author":[{"embeddable":true,"href":"https:\/\/copades.com\/monec\/index.php?rest_route=\/wp\/v2\/users\/1"}],"replies":[{"embeddable":true,"href":"https:\/\/copades.com\/monec\/index.php?rest_route=%2Fwp%2Fv2%2Fcomments&post=70279"}],"version-history":[{"count":1,"href":"https:\/\/copades.com\/monec\/index.php?rest_route=\/wp\/v2\/posts\/70279\/revisions"}],"predecessor-version":[{"id":70280,"href":"https:\/\/copades.com\/monec\/index.php?rest_route=\/wp\/v2\/posts\/70279\/revisions\/70280"}],"wp:featuredmedia":[{"embeddable":true,"href":"https:\/\/copades.com\/monec\/index.php?rest_route=\/wp\/v2\/media\/65293"}],"wp:attachment":[{"href":"https:\/\/copades.com\/monec\/index.php?rest_route=%2Fwp%2Fv2%2Fmedia&parent=70279"}],"wp:term":[{"taxonomy":"category","embeddable":true,"href":"https:\/\/copades.com\/monec\/index.php?rest_route=%2Fwp%2Fv2%2Fcategories&post=70279"},{"taxonomy":"post_tag","embeddable":true,"href":"https:\/\/copades.com\/monec\/index.php?rest_route=%2Fwp%2Fv2%2Ftags&post=70279"}],"curies":[{"name":"wp","href":"https:\/\/api.w.org\/{rel}","templated":true}]}}