{"id":70299,"date":"2026-04-28T10:35:05","date_gmt":"2026-04-28T16:35:05","guid":{"rendered":"https:\/\/copades.com\/monec\/?p=70299"},"modified":"2026-04-28T10:35:05","modified_gmt":"2026-04-28T16:35:05","slug":"guatemala-crecera-4-segun-cepal","status":"publish","type":"post","link":"https:\/\/copades.com\/monec\/?p=70299","title":{"rendered":"Guatemala crecer\u00e1 4 %, seg\u00fan Cepal"},"content":{"rendered":"<p style=\"text-align: justify;\">El pa\u00eds crecer\u00e1 4 % en 2026 tras un progreso de 4.3 % el a\u00f1o previo, seg\u00fan la Comisi\u00f3n Econ\u00f3mica para Am\u00e9rica Latina y el Caribe (Cepal), que corrigi\u00f3 a la baja su previsi\u00f3n del producto interno bruto regional, que pasa de 2.3 % proyectado en diciembre a 2.2 %, en un contexto internacional marcado por conflictos geopol\u00edticos. Al igual que Guatemala, Panam\u00e1 y Rep\u00fablica Dominicana tendr\u00e1n un alza de 4 %, detr\u00e1s de Nicaragua, que lo har\u00e1 en 4.5 %. Costa Rica tendr\u00e1 un desempe\u00f1o de 3.9 %, que ser\u00e1 el mismo que el valor promedio en el istmo. Seg\u00fan el organismo, el menor dinamismo \u201cse observa de manera generalizada\u201d, con una desaceleraci\u00f3n en 24 de las 33 naciones del continente. (DCA 28.04.26)<\/p>\n","protected":false},"excerpt":{"rendered":"<p>El pa\u00eds crecer\u00e1 4 % en 2026 tras un progreso de 4.3 % el a\u00f1o previo, seg\u00fan la Comisi\u00f3n Econ\u00f3mica para Am\u00e9rica Latina y el Caribe (Cepal), que corrigi\u00f3 a la baja su previsi\u00f3n&#46;&#46;&#46;<\/p>\n","protected":false},"author":1,"featured_media":48332,"comment_status":"open","ping_status":"closed","sticky":false,"template":"","format":"standard","meta":{"footnotes":""},"categories":[5],"tags":[],"class_list":["post-70299","post","type-post","status-publish","format-standard","has-post-thumbnail","hentry","category-actividad-productiva"],"_links":{"self":[{"href":"https:\/\/copades.com\/monec\/index.php?rest_route=\/wp\/v2\/posts\/70299","targetHints":{"allow":["GET"]}}],"collection":[{"href":"https:\/\/copades.com\/monec\/index.php?rest_route=\/wp\/v2\/posts"}],"about":[{"href":"https:\/\/copades.com\/monec\/index.php?rest_route=\/wp\/v2\/types\/post"}],"author":[{"embeddable":true,"href":"https:\/\/copades.com\/monec\/index.php?rest_route=\/wp\/v2\/users\/1"}],"replies":[{"embeddable":true,"href":"https:\/\/copades.com\/monec\/index.php?rest_route=%2Fwp%2Fv2%2Fcomments&post=70299"}],"version-history":[{"count":1,"href":"https:\/\/copades.com\/monec\/index.php?rest_route=\/wp\/v2\/posts\/70299\/revisions"}],"predecessor-version":[{"id":70300,"href":"https:\/\/copades.com\/monec\/index.php?rest_route=\/wp\/v2\/posts\/70299\/revisions\/70300"}],"wp:featuredmedia":[{"embeddable":true,"href":"https:\/\/copades.com\/monec\/index.php?rest_route=\/wp\/v2\/media\/48332"}],"wp:attachment":[{"href":"https:\/\/copades.com\/monec\/index.php?rest_route=%2Fwp%2Fv2%2Fmedia&parent=70299"}],"wp:term":[{"taxonomy":"category","embeddable":true,"href":"https:\/\/copades.com\/monec\/index.php?rest_route=%2Fwp%2Fv2%2Fcategories&post=70299"},{"taxonomy":"post_tag","embeddable":true,"href":"https:\/\/copades.com\/monec\/index.php?rest_route=%2Fwp%2Fv2%2Ftags&post=70299"}],"curies":[{"name":"wp","href":"https:\/\/api.w.org\/{rel}","templated":true}]}}