{"id":70304,"date":"2026-04-29T10:37:53","date_gmt":"2026-04-29T16:37:53","guid":{"rendered":"https:\/\/copades.com\/monec\/?p=70304"},"modified":"2026-04-29T10:37:53","modified_gmt":"2026-04-29T16:37:53","slug":"venezuela-y-colombia-reactivaran-conexion-electrica","status":"publish","type":"post","link":"https:\/\/copades.com\/monec\/?p=70304","title":{"rendered":"Venezuela y Colombia reactivar\u00e1n conexi\u00f3n el\u00e9ctrica"},"content":{"rendered":"<p style=\"text-align: justify;\">Los gobiernos de Venezuela y Colombia firmaron un acuerdo para reactivar la conexi\u00f3n el\u00e9ctrica, enmarcado en la nueva etapa de integraci\u00f3n binacional, inform\u00f3 el Ministerio venezolano de Energ\u00eda El\u00e9ctrica, cuatro d\u00edas despu\u00e9s de que los mandatarios conversaran sobre el asunto. A trav\u00e9s de una publicaci\u00f3n en Telegram, la cartera se\u00f1al\u00f3 que el pacto fue suscrito entre la venezolana Corporaci\u00f3n El\u00e9ctrica Nacional (Corpoelec) y el colombiano Instituto de Planificaci\u00f3n y Promoci\u00f3n de Soluciones Energ\u00e9ticas para las Zonas No Interconectadas (IPSE). \u201cLa alianza representa confianza, cooperaci\u00f3n y una visi\u00f3n compartida de soberan\u00eda energ\u00e9tica para ambos pueblos\u201d, se\u00f1al\u00f3 el ministerio sin ofrecer m\u00e1s detalles sobre el convenio. El viernes, la presidenta encargada de Venezuela, <strong>Delcy Rodr\u00edguez<\/strong>, y el primer mandatario de Colombia, <strong>Gustavo Petro<\/strong>, apostaron, tras una reuni\u00f3n en Caracas, por la integraci\u00f3n de sus naciones en materia de energ\u00eda el\u00e9ctrica y gas. Los gobernantes hablaron sobre la interconexi\u00f3n en el oeste de Venezuela, donde hay estados fronterizos con Colombia, una regi\u00f3n que, reconoci\u00f3 Rodr\u00edguez, \u201cpadece lo que ha sido el proceso de desinversi\u00f3n del sistema el\u00e9ctrico nacional producto de sanciones\u201d que han afectado la provisi\u00f3n de repuestos y el mantenimiento. (DCA 29.04.26)<\/p>\n<p>&nbsp;<\/p>\n<p>&nbsp;<\/p>\n<p>&nbsp;<\/p>\n","protected":false},"excerpt":{"rendered":"<p>Los gobiernos de Venezuela y Colombia firmaron un acuerdo para reactivar la conexi\u00f3n el\u00e9ctrica, enmarcado en la nueva etapa de integraci\u00f3n binacional, inform\u00f3 el Ministerio venezolano de Energ\u00eda El\u00e9ctrica, cuatro d\u00edas despu\u00e9s de que&#46;&#46;&#46;<\/p>\n","protected":false},"author":1,"featured_media":47870,"comment_status":"open","ping_status":"closed","sticky":false,"template":"","format":"standard","meta":{"footnotes":""},"categories":[55],"tags":[],"class_list":["post-70304","post","type-post","status-publish","format-standard","has-post-thumbnail","hentry","category-internacionales-seleccion"],"_links":{"self":[{"href":"https:\/\/copades.com\/monec\/index.php?rest_route=\/wp\/v2\/posts\/70304","targetHints":{"allow":["GET"]}}],"collection":[{"href":"https:\/\/copades.com\/monec\/index.php?rest_route=\/wp\/v2\/posts"}],"about":[{"href":"https:\/\/copades.com\/monec\/index.php?rest_route=\/wp\/v2\/types\/post"}],"author":[{"embeddable":true,"href":"https:\/\/copades.com\/monec\/index.php?rest_route=\/wp\/v2\/users\/1"}],"replies":[{"embeddable":true,"href":"https:\/\/copades.com\/monec\/index.php?rest_route=%2Fwp%2Fv2%2Fcomments&post=70304"}],"version-history":[{"count":1,"href":"https:\/\/copades.com\/monec\/index.php?rest_route=\/wp\/v2\/posts\/70304\/revisions"}],"predecessor-version":[{"id":70305,"href":"https:\/\/copades.com\/monec\/index.php?rest_route=\/wp\/v2\/posts\/70304\/revisions\/70305"}],"wp:featuredmedia":[{"embeddable":true,"href":"https:\/\/copades.com\/monec\/index.php?rest_route=\/wp\/v2\/media\/47870"}],"wp:attachment":[{"href":"https:\/\/copades.com\/monec\/index.php?rest_route=%2Fwp%2Fv2%2Fmedia&parent=70304"}],"wp:term":[{"taxonomy":"category","embeddable":true,"href":"https:\/\/copades.com\/monec\/index.php?rest_route=%2Fwp%2Fv2%2Fcategories&post=70304"},{"taxonomy":"post_tag","embeddable":true,"href":"https:\/\/copades.com\/monec\/index.php?rest_route=%2Fwp%2Fv2%2Ftags&post=70304"}],"curies":[{"name":"wp","href":"https:\/\/api.w.org\/{rel}","templated":true}]}}