{"id":70316,"date":"2026-04-29T10:42:57","date_gmt":"2026-04-29T16:42:57","guid":{"rendered":"https:\/\/copades.com\/monec\/?p=70316"},"modified":"2026-04-29T10:42:57","modified_gmt":"2026-04-29T16:42:57","slug":"vuelve-a-encarecer-la-canasta-basica-en-marzo","status":"publish","type":"post","link":"https:\/\/copades.com\/monec\/?p=70316","title":{"rendered":"Vuelve a encarecer la canasta b\u00e1sica en marzo"},"content":{"rendered":"<p style=\"text-align: justify;\">La canasta b\u00e1sica volvi\u00f3 a subir en marzo de 2026, impulsada por aumentos en productos de consumo b\u00e1sico para los salvadore\u00f1os como las tortillas, que registr\u00f3 los mayores incrementos del mes en la zona urbana y rural, seg\u00fan datos de la Oficina Nacional de Estad\u00edstica y Censos (ONEC). En el \u00e1rea urbana, el gasto mensual por familia pas\u00f3 de $245.89 en marzo de 2025 a $254.64 en marzo de 2026, lo que representa un aumento de $8.75 en el per\u00edodo. En la zona rural, el costo subi\u00f3 de $178.13 a $185.45, es decir, un alza de $7.32 en el mismo lapso. En el primer trimestre de 2026, el gasto mensual de los hogares urbanos por la compra de alimentos b\u00e1sicos subi\u00f3 $3.82. En la zona rural increment\u00f3 $2.18. El economista <strong>Otto Rodr\u00edguez<\/strong> se\u00f1al\u00f3 que podr\u00edan registrarse m\u00e1s incrementos en los pr\u00f3ximos meses y que ser\u00eda lo normal con el actual contexto internacional, en espec\u00edfico el conflicto en Medio Oriente, donde hay presiones y aumentos de precios, como en el petr\u00f3leo. \u201cLa canasta b\u00e1sica es el \u00faltimo gasto que la gente puede eliminar cuando la inflaci\u00f3n aumenta, entonces lo que empiezan es a limitar otros gastos. Uno de los problemas es que, como no hay aumento de ingresos que compensen la inflaci\u00f3n, podr\u00edamos ver un incremento de la pobreza porque no van a alcanzar a cubrir sus requerimientos alimenticios\u201d, expuso. El informe de la ONEC indica que los aumentos en el trimestre estuvieron impulsados por productos clave como las tortillas. Al verificar el \u00cdndice de Precios al Consumidor (IPC), que mide la inflaci\u00f3n, la tortilla se mantuvo entre los productos que m\u00e1s incidieron en marzo, al registrar un aporte de 0.15 %, con lo que acumul\u00f3 10 meses consecutivos presionando al alza. \u00a0(eleconomista.net 29.04.26)<\/p>\n","protected":false},"excerpt":{"rendered":"<p>La canasta b\u00e1sica volvi\u00f3 a subir en marzo de 2026, impulsada por aumentos en productos de consumo b\u00e1sico para los salvadore\u00f1os como las tortillas, que registr\u00f3 los mayores incrementos del mes en la zona&#46;&#46;&#46;<\/p>\n","protected":false},"author":1,"featured_media":50404,"comment_status":"open","ping_status":"closed","sticky":false,"template":"","format":"standard","meta":{"footnotes":""},"categories":[54],"tags":[],"class_list":["post-70316","post","type-post","status-publish","format-standard","has-post-thumbnail","hentry","category-centroamerica-seleccion"],"_links":{"self":[{"href":"https:\/\/copades.com\/monec\/index.php?rest_route=\/wp\/v2\/posts\/70316","targetHints":{"allow":["GET"]}}],"collection":[{"href":"https:\/\/copades.com\/monec\/index.php?rest_route=\/wp\/v2\/posts"}],"about":[{"href":"https:\/\/copades.com\/monec\/index.php?rest_route=\/wp\/v2\/types\/post"}],"author":[{"embeddable":true,"href":"https:\/\/copades.com\/monec\/index.php?rest_route=\/wp\/v2\/users\/1"}],"replies":[{"embeddable":true,"href":"https:\/\/copades.com\/monec\/index.php?rest_route=%2Fwp%2Fv2%2Fcomments&post=70316"}],"version-history":[{"count":1,"href":"https:\/\/copades.com\/monec\/index.php?rest_route=\/wp\/v2\/posts\/70316\/revisions"}],"predecessor-version":[{"id":70317,"href":"https:\/\/copades.com\/monec\/index.php?rest_route=\/wp\/v2\/posts\/70316\/revisions\/70317"}],"wp:featuredmedia":[{"embeddable":true,"href":"https:\/\/copades.com\/monec\/index.php?rest_route=\/wp\/v2\/media\/50404"}],"wp:attachment":[{"href":"https:\/\/copades.com\/monec\/index.php?rest_route=%2Fwp%2Fv2%2Fmedia&parent=70316"}],"wp:term":[{"taxonomy":"category","embeddable":true,"href":"https:\/\/copades.com\/monec\/index.php?rest_route=%2Fwp%2Fv2%2Fcategories&post=70316"},{"taxonomy":"post_tag","embeddable":true,"href":"https:\/\/copades.com\/monec\/index.php?rest_route=%2Fwp%2Fv2%2Ftags&post=70316"}],"curies":[{"name":"wp","href":"https:\/\/api.w.org\/{rel}","templated":true}]}}