{"id":70326,"date":"2026-04-29T10:46:21","date_gmt":"2026-04-29T16:46:21","guid":{"rendered":"https:\/\/copades.com\/monec\/?p=70326"},"modified":"2026-04-29T10:46:21","modified_gmt":"2026-04-29T16:46:21","slug":"camaras-y-asociaciones-de-transporte-de-carga-anuncian-aumento-a-tarifas-de-sus-servicios","status":"publish","type":"post","link":"https:\/\/copades.com\/monec\/?p=70326","title":{"rendered":"C\u00e1maras y asociaciones de transporte de carga anuncian aumento a tarifas de sus servicios"},"content":{"rendered":"<p style=\"text-align: justify;\">Las c\u00e1maras y asociaciones gremiales del transporte de carga en Guatemala informaron que aplicar\u00e1n ajustes en las tarifas de sus servicios, como consecuencia del incremento sostenido en los precios de los combustibles. La medida responde a la necesidad de garantizar la continuidad, estabilidad y sostenibilidad del servicio, Seg\u00fan indicaron en un comunicado, apuntaron las entidades en un comunicado. De acuerdo con el gremio, el aumento en el precio del di\u00e9sel, sumado al encarecimiento de otros insumos operativos, ha generado una \u201csituaci\u00f3n insostenible que impide a nuestras empresas continuar absorbiendo p\u00e9rdidas\u201d. Seg\u00fan el pronunciamiento, el sector ha mantenido una postura de di\u00e1logo con el Gobierno de Guatemala y el Congreso de la Rep\u00fablica de Guatemala, presentando propuestas orientadas a un apoyo econ\u00f3mico temporal. Sin embargo, las gremiales se\u00f1alaron que, pese a sus gestiones, \u201clas autoridades competentes no atendieron la magnitud de esta crisis ni las propuestas planteadas\u201d. Seg\u00fan el comunicado, esta falta de acci\u00f3n oblig\u00f3 al sector a tomar decisiones que impactar\u00e1n directamente en sus clientes, al aplicar ajuste en las tarifas de sus servicios. El gremio indic\u00f3 que su principal objetivo ha sido evitar trasladar los costos al consumidor final; no obstante, reconoci\u00f3 que el ajuste tarifario ser\u00e1 inevitable. \u201cEl transporte de carga constituye la columna vertebral de la econom\u00eda nacional\u201d, destacaron las asociaciones, al advertir que la situaci\u00f3n actual afecta la cadena de suministros del pa\u00eds. (LH 29.04.26)<\/p>\n","protected":false},"excerpt":{"rendered":"<p>Las c\u00e1maras y asociaciones gremiales del transporte de carga en Guatemala informaron que aplicar\u00e1n ajustes en las tarifas de sus servicios, como consecuencia del incremento sostenido en los precios de los combustibles. La medida&#46;&#46;&#46;<\/p>\n","protected":false},"author":1,"featured_media":59280,"comment_status":"open","ping_status":"closed","sticky":false,"template":"","format":"standard","meta":{"footnotes":""},"categories":[22],"tags":[],"class_list":["post-70326","post","type-post","status-publish","format-standard","has-post-thumbnail","hentry","category-transporte-y-almacenamiento"],"_links":{"self":[{"href":"https:\/\/copades.com\/monec\/index.php?rest_route=\/wp\/v2\/posts\/70326","targetHints":{"allow":["GET"]}}],"collection":[{"href":"https:\/\/copades.com\/monec\/index.php?rest_route=\/wp\/v2\/posts"}],"about":[{"href":"https:\/\/copades.com\/monec\/index.php?rest_route=\/wp\/v2\/types\/post"}],"author":[{"embeddable":true,"href":"https:\/\/copades.com\/monec\/index.php?rest_route=\/wp\/v2\/users\/1"}],"replies":[{"embeddable":true,"href":"https:\/\/copades.com\/monec\/index.php?rest_route=%2Fwp%2Fv2%2Fcomments&post=70326"}],"version-history":[{"count":1,"href":"https:\/\/copades.com\/monec\/index.php?rest_route=\/wp\/v2\/posts\/70326\/revisions"}],"predecessor-version":[{"id":70327,"href":"https:\/\/copades.com\/monec\/index.php?rest_route=\/wp\/v2\/posts\/70326\/revisions\/70327"}],"wp:featuredmedia":[{"embeddable":true,"href":"https:\/\/copades.com\/monec\/index.php?rest_route=\/wp\/v2\/media\/59280"}],"wp:attachment":[{"href":"https:\/\/copades.com\/monec\/index.php?rest_route=%2Fwp%2Fv2%2Fmedia&parent=70326"}],"wp:term":[{"taxonomy":"category","embeddable":true,"href":"https:\/\/copades.com\/monec\/index.php?rest_route=%2Fwp%2Fv2%2Fcategories&post=70326"},{"taxonomy":"post_tag","embeddable":true,"href":"https:\/\/copades.com\/monec\/index.php?rest_route=%2Fwp%2Fv2%2Ftags&post=70326"}],"curies":[{"name":"wp","href":"https:\/\/api.w.org\/{rel}","templated":true}]}}