{"id":72565,"date":"2026-08-31T09:30:17","date_gmt":"2026-08-31T15:30:17","guid":{"rendered":"https:\/\/copades.com\/monec\/?p=72565"},"modified":"2026-08-31T09:30:17","modified_gmt":"2026-08-31T15:30:17","slug":"eu-avanzara-en-acuerdo-comercial-con-argentina","status":"publish","type":"post","link":"https:\/\/copades.com\/monec\/?p=72565","title":{"rendered":"EU avanzar\u00e1 en acuerdo comercial con Argentina"},"content":{"rendered":"<p style=\"text-align: justify;\">Estados Unidos destac\u00f3 la \u201cnotable transformaci\u00f3n econ\u00f3mica y fiscal\u201d de la Argentina durante la gesti\u00f3n de <strong>Javier Milei<\/strong> y plante\u00f3 la necesidad de avanzar con la ratificaci\u00f3n y plena implementaci\u00f3n del Acuerdo de Comercio e Inversi\u00f3n Rec\u00edproca (ARTI) alcanzado entre ambos pa\u00edses. El representante comercial adjunto de Estados Unidos, <strong>Jeff Goettman<\/strong>, mantuvo una reuni\u00f3n en Buenos Aires con el canciller Pablo Quirno y el ministro de Econom\u00eda, <strong>Luis Caputo<\/strong>, en la que las partes analizaron la relaci\u00f3n econ\u00f3mica bilateral y los pr\u00f3ximos pasos del entendimiento comercial. Seg\u00fan inform\u00f3 la Oficina del Representante Comercial de Estados Unidos (USTR), Goettman \u201cdestac\u00f3 la notable transformaci\u00f3n econ\u00f3mica y fiscal de la Argentina\u201d bajo la administraci\u00f3n de Milei y celebr\u00f3 la posibilidad de profundizar los v\u00ednculos econ\u00f3micos. En el encuentro, el funcionario de EU remarc\u00f3 la importancia de la ratificaci\u00f3n del Acuerdo de Comercio e Inversi\u00f3n Rec\u00edproca (ARTI), concluido a principios de este a\u00f1o, como una herramienta para avanzar en la visi\u00f3n econ\u00f3mica compartida entre Washington y Buenos Aires. EU asegur\u00f3 que continuar\u00e1 cumpliendo los compromisos asumidos y reconoci\u00f3 los avances realizados por la administraci\u00f3n argentina en las obligaciones previstas en el entendimiento. Washington se\u00f1al\u00f3 espec\u00edficamente entre los compromisos pendientes la reducci\u00f3n de aranceles argentinos sobre bienes provenientes de EU. \u201cEstados Unidos seguir\u00e1 honrando sus compromisos y entiende que el gobierno argentino ha hecho avances significativos y tiene la intenci\u00f3n de cumplir tambi\u00e9n los suyos, incluyendo la reducci\u00f3n de aranceles a bienes estadounidenses\u201d, indic\u00f3 la representaci\u00f3n diplom\u00e1tica norteamericana. (eleconomista.com.mx 31.08.26)<\/p>\n","protected":false},"excerpt":{"rendered":"<p>Estados Unidos destac\u00f3 la \u201cnotable transformaci\u00f3n econ\u00f3mica y fiscal\u201d de la Argentina durante la gesti\u00f3n de Javier Milei y plante\u00f3 la necesidad de avanzar con la ratificaci\u00f3n y plena implementaci\u00f3n del Acuerdo de Comercio&#46;&#46;&#46;<\/p>\n","protected":false},"author":1,"featured_media":51502,"comment_status":"open","ping_status":"closed","sticky":false,"template":"","format":"standard","meta":{"footnotes":""},"categories":[55],"tags":[],"class_list":["post-72565","post","type-post","status-publish","format-standard","has-post-thumbnail","hentry","category-internacionales-seleccion"],"_links":{"self":[{"href":"https:\/\/copades.com\/monec\/index.php?rest_route=\/wp\/v2\/posts\/72565","targetHints":{"allow":["GET"]}}],"collection":[{"href":"https:\/\/copades.com\/monec\/index.php?rest_route=\/wp\/v2\/posts"}],"about":[{"href":"https:\/\/copades.com\/monec\/index.php?rest_route=\/wp\/v2\/types\/post"}],"author":[{"embeddable":true,"href":"https:\/\/copades.com\/monec\/index.php?rest_route=\/wp\/v2\/users\/1"}],"replies":[{"embeddable":true,"href":"https:\/\/copades.com\/monec\/index.php?rest_route=%2Fwp%2Fv2%2Fcomments&post=72565"}],"version-history":[{"count":1,"href":"https:\/\/copades.com\/monec\/index.php?rest_route=\/wp\/v2\/posts\/72565\/revisions"}],"predecessor-version":[{"id":72566,"href":"https:\/\/copades.com\/monec\/index.php?rest_route=\/wp\/v2\/posts\/72565\/revisions\/72566"}],"wp:featuredmedia":[{"embeddable":true,"href":"https:\/\/copades.com\/monec\/index.php?rest_route=\/wp\/v2\/media\/51502"}],"wp:attachment":[{"href":"https:\/\/copades.com\/monec\/index.php?rest_route=%2Fwp%2Fv2%2Fmedia&parent=72565"}],"wp:term":[{"taxonomy":"category","embeddable":true,"href":"https:\/\/copades.com\/monec\/index.php?rest_route=%2Fwp%2Fv2%2Fcategories&post=72565"},{"taxonomy":"post_tag","embeddable":true,"href":"https:\/\/copades.com\/monec\/index.php?rest_route=%2Fwp%2Fv2%2Ftags&post=72565"}],"curies":[{"name":"wp","href":"https:\/\/api.w.org\/{rel}","templated":true}]}}