{"id":72571,"date":"2026-08-31T09:47:37","date_gmt":"2026-08-31T15:47:37","guid":{"rendered":"https:\/\/copades.com\/monec\/?p=72571"},"modified":"2026-08-31T09:47:37","modified_gmt":"2026-08-31T15:47:37","slug":"america-latina-registro-un-alza-del-4-7-en-la-carga-aerea-en-junio","status":"publish","type":"post","link":"https:\/\/copades.com\/monec\/?p=72571","title":{"rendered":"Am\u00e9rica Latina registr\u00f3 un alza del 4.7% en la carga a\u00e9rea en junio"},"content":{"rendered":"<p style=\"text-align: justify;\">En junio de 2026, Am\u00e9rica Latina y el Caribe logr\u00f3 un crecimiento del 4.7% en la carga a\u00e9rea internacional. Ese mes, las aerol\u00edneas transportaron 336,269 toneladas m\u00e9tricas de carga internacional desde, hacia y dentro de la regi\u00f3n, indic\u00f3 la Asociaci\u00f3n Latinoamericana y del Caribe de Transporte A\u00e9reo (ALTA) en su \u00faltimo compilado. Esto fue el equivalente a 15, 089 toneladas adicionales. Con estos resultados, Am\u00e9rica Latina y el Caribe acumul\u00f3 seis meses consecutivos de crecimiento en la carga a\u00e9rea. El ritmo de crecimiento aument\u00f3 despu\u00e9s de moderarse durante abril y mayo. La carga hab\u00eda crecido 1.9% en enero, 3.1% en febrero y 4.2% en marzo; posteriormente, la variaci\u00f3n baj\u00f3 a 3.7% en abril y 3.3% en mayo, antes de alcanzar 4.7% en junio, detall\u00f3 la Asociaci\u00f3n. A nivel de origen-destino, la carga a\u00e9rea internacional de la regi\u00f3n se concentr\u00f3 en los flujos con Norteam\u00e9rica y Europa. En el informe, El Salvador ocup\u00f3 la d\u00e9cima posici\u00f3n entre los mercados que reportaron resultados positivos, debido a que la movilizaci\u00f3n de carga por v\u00eda a\u00e9rea creci\u00f3 un 5.1%, hasta 3,685 toneladas. As\u00ed el pa\u00eds complet\u00f3 dos meses consecutivos en terreno positivo despu\u00e9s de las ca\u00eddas de marzo y abril. La terminal de carga a\u00e9rea de El Salvador se administra desde hace varios a\u00f1os por medio de un asocio p\u00fablico-privado.\u00a0 De acuerdo con el reporte de la Comisi\u00f3n Ejecutiva Portuaria Aut\u00f3noma (CEPA), la empresa p\u00fablica concedente del asocio, hasta junio de este a\u00f1o, la terminal moviliz\u00f3 19,813,129 kilogramos de carga total. De esta cantidad, 11,598,681 kilogramos corresponden a carga de importaci\u00f3n y 8,214,448 kilogramos a carga de exportaci\u00f3n. (eleconomista.net 31.08.26)<\/p>\n<p>&nbsp;<\/p>\n","protected":false},"excerpt":{"rendered":"<p>En junio de 2026, Am\u00e9rica Latina y el Caribe logr\u00f3 un crecimiento del 4.7% en la carga a\u00e9rea internacional. Ese mes, las aerol\u00edneas transportaron 336,269 toneladas m\u00e9tricas de carga internacional desde, hacia y dentro&#46;&#46;&#46;<\/p>\n","protected":false},"author":1,"featured_media":58574,"comment_status":"open","ping_status":"closed","sticky":false,"template":"","format":"standard","meta":{"footnotes":""},"categories":[55],"tags":[],"class_list":["post-72571","post","type-post","status-publish","format-standard","has-post-thumbnail","hentry","category-internacionales-seleccion"],"_links":{"self":[{"href":"https:\/\/copades.com\/monec\/index.php?rest_route=\/wp\/v2\/posts\/72571","targetHints":{"allow":["GET"]}}],"collection":[{"href":"https:\/\/copades.com\/monec\/index.php?rest_route=\/wp\/v2\/posts"}],"about":[{"href":"https:\/\/copades.com\/monec\/index.php?rest_route=\/wp\/v2\/types\/post"}],"author":[{"embeddable":true,"href":"https:\/\/copades.com\/monec\/index.php?rest_route=\/wp\/v2\/users\/1"}],"replies":[{"embeddable":true,"href":"https:\/\/copades.com\/monec\/index.php?rest_route=%2Fwp%2Fv2%2Fcomments&post=72571"}],"version-history":[{"count":1,"href":"https:\/\/copades.com\/monec\/index.php?rest_route=\/wp\/v2\/posts\/72571\/revisions"}],"predecessor-version":[{"id":72572,"href":"https:\/\/copades.com\/monec\/index.php?rest_route=\/wp\/v2\/posts\/72571\/revisions\/72572"}],"wp:featuredmedia":[{"embeddable":true,"href":"https:\/\/copades.com\/monec\/index.php?rest_route=\/wp\/v2\/media\/58574"}],"wp:attachment":[{"href":"https:\/\/copades.com\/monec\/index.php?rest_route=%2Fwp%2Fv2%2Fmedia&parent=72571"}],"wp:term":[{"taxonomy":"category","embeddable":true,"href":"https:\/\/copades.com\/monec\/index.php?rest_route=%2Fwp%2Fv2%2Fcategories&post=72571"},{"taxonomy":"post_tag","embeddable":true,"href":"https:\/\/copades.com\/monec\/index.php?rest_route=%2Fwp%2Fv2%2Ftags&post=72571"}],"curies":[{"name":"wp","href":"https:\/\/api.w.org\/{rel}","templated":true}]}}