{"id":72573,"date":"2026-08-31T09:48:10","date_gmt":"2026-08-31T15:48:10","guid":{"rendered":"https:\/\/copades.com\/monec\/?p=72573"},"modified":"2026-08-31T09:48:10","modified_gmt":"2026-08-31T15:48:10","slug":"trafico-aereo-en-america-latina-cae-por-primera-vez-desde-2021","status":"publish","type":"post","link":"https:\/\/copades.com\/monec\/?p=72573","title":{"rendered":"Tr\u00e1fico a\u00e9reo en Am\u00e9rica Latina cae por primera vez desde 2021"},"content":{"rendered":"<p style=\"text-align: justify;\">Durante junio de 2026, el tr\u00e1fico a\u00e9reo desde, hacia y dentro de Am\u00e9rica Latina y el Caribe alcanz\u00f3 37.3 millones de pasajeros, una ca\u00edda de 2.3% frente al mismo mes de 2025. Esto equivale a 893,000 pasajeros menos y representa la primera contracci\u00f3n interanual registrada por la regi\u00f3n desde 2021, de acuerdo con las estad\u00edsticas de la Asociaci\u00f3n Latinoamericana y del Caribe de Transporte A\u00e9reo (ALTA). El resultado marca un cambio frente al comienzo del a\u00f1o. El tr\u00e1fico creci\u00f3 6,2% en enero, 6.6% en febrero y 6% en marzo. El ritmo se redujo a 1% en abril y se recuper\u00f3 parcialmente a 2.7% en mayo, antes de pasar a terreno negativo en junio, explica la asociaci\u00f3n. La ca\u00edda se observ\u00f3 en los tres segmentos. El tr\u00e1fico dom\u00e9stico, que represent\u00f3 55.3% del total regional, disminuy\u00f3 2%. El internacional intrarregional cay\u00f3 3%, su primera contracci\u00f3n de 2026, mientras que el extrarregional disminuy\u00f3 2.7%, tras registrar un crecimiento pr\u00e1cticamente nulo en mayo. Grandes mercados Brasil, M\u00e9xico y Colombia registraron ca\u00eddas simult\u00e1neas. En Centroam\u00e9rica, El Salvador moviliz\u00f3 432,000 pasajeros y cay\u00f3 3.4%, interrumpiendo los cinco meses consecutivos de crecimiento registrados entre enero y mayo. El resultado contrasta con el crecimiento de Panam\u00e1, que permiti\u00f3 que el tr\u00e1fico agregado de los mercados centroamericanos incluidos aumentara 7.9%. En lo que va de 2026, las aerol\u00edneas de Am\u00e9rica Latina transportaron a 242.8 millones de pasajeros, lo que signific\u00f3 un alza interanual del 3.4%. (eleconomista.net 31.08.26)<\/p>\n","protected":false},"excerpt":{"rendered":"<p>Durante junio de 2026, el tr\u00e1fico a\u00e9reo desde, hacia y dentro de Am\u00e9rica Latina y el Caribe alcanz\u00f3 37.3 millones de pasajeros, una ca\u00edda de 2.3% frente al mismo mes de 2025. Esto equivale&#46;&#46;&#46;<\/p>\n","protected":false},"author":1,"featured_media":52581,"comment_status":"open","ping_status":"closed","sticky":false,"template":"","format":"standard","meta":{"footnotes":""},"categories":[55],"tags":[],"class_list":["post-72573","post","type-post","status-publish","format-standard","has-post-thumbnail","hentry","category-internacionales-seleccion"],"_links":{"self":[{"href":"https:\/\/copades.com\/monec\/index.php?rest_route=\/wp\/v2\/posts\/72573","targetHints":{"allow":["GET"]}}],"collection":[{"href":"https:\/\/copades.com\/monec\/index.php?rest_route=\/wp\/v2\/posts"}],"about":[{"href":"https:\/\/copades.com\/monec\/index.php?rest_route=\/wp\/v2\/types\/post"}],"author":[{"embeddable":true,"href":"https:\/\/copades.com\/monec\/index.php?rest_route=\/wp\/v2\/users\/1"}],"replies":[{"embeddable":true,"href":"https:\/\/copades.com\/monec\/index.php?rest_route=%2Fwp%2Fv2%2Fcomments&post=72573"}],"version-history":[{"count":1,"href":"https:\/\/copades.com\/monec\/index.php?rest_route=\/wp\/v2\/posts\/72573\/revisions"}],"predecessor-version":[{"id":72574,"href":"https:\/\/copades.com\/monec\/index.php?rest_route=\/wp\/v2\/posts\/72573\/revisions\/72574"}],"wp:featuredmedia":[{"embeddable":true,"href":"https:\/\/copades.com\/monec\/index.php?rest_route=\/wp\/v2\/media\/52581"}],"wp:attachment":[{"href":"https:\/\/copades.com\/monec\/index.php?rest_route=%2Fwp%2Fv2%2Fmedia&parent=72573"}],"wp:term":[{"taxonomy":"category","embeddable":true,"href":"https:\/\/copades.com\/monec\/index.php?rest_route=%2Fwp%2Fv2%2Fcategories&post=72573"},{"taxonomy":"post_tag","embeddable":true,"href":"https:\/\/copades.com\/monec\/index.php?rest_route=%2Fwp%2Fv2%2Ftags&post=72573"}],"curies":[{"name":"wp","href":"https:\/\/api.w.org\/{rel}","templated":true}]}}