{"id":72581,"date":"2026-08-31T09:51:49","date_gmt":"2026-08-31T15:51:49","guid":{"rendered":"https:\/\/copades.com\/monec\/?p=72581"},"modified":"2026-08-31T09:51:49","modified_gmt":"2026-08-31T15:51:49","slug":"menor-cantidad-de-lluvia-y-combustibles-caros-elevan-el-costo-de-generacion-de-energia","status":"publish","type":"post","link":"https:\/\/copades.com\/monec\/?p=72581","title":{"rendered":"Menor cantidad de lluvia y combustibles caros elevan el costo de generaci\u00f3n de energ\u00eda"},"content":{"rendered":"<p style=\"text-align: justify;\">El d\u00e9ficit de lluvia durante el invierno en Guatemala y el alza en los precios de los combustibles han incrementado el costo de la generaci\u00f3n de electricidad durante varios meses del 2026. A ello se suma un aumento de la demanda y del consumo. Los datos del Administrador del Mercado Mayorista (AMM) reflejan, por ejemplo, que en julio del 2026 se registr\u00f3 una generaci\u00f3n de energ\u00eda el\u00e9ctrica de 1 mil 352.05 gigavatios hora (GWh), un crecimiento interanual de 24.3% (264.38 GWh), respecto de los 1 mil 087.67 GWh registrados en el mismo mes del 2025. Aunque las hidroel\u00e9ctricas representaron en julio de este a\u00f1o el principal aporte, con 32.6% del total generado, la generaci\u00f3n disminuy\u00f3 en comparaci\u00f3n con julio del 2025, seg\u00fan la informaci\u00f3n del AMM. La Asociaci\u00f3n de Generadores con Energ\u00eda Renovable (Ager) atribuye esa baja al d\u00e9ficit de lluvia que se ha experimentado durante el actual invierno, derivado de las condiciones clim\u00e1ticas que se registran en Guatemala. Esa disminuci\u00f3n se ha tenido que compensar con mayor generaci\u00f3n a base de carb\u00f3n, b\u00fanker y otros combustibles. El AMM reporta que la generaci\u00f3n hidroel\u00e9ctrica fue de 440.93 GWh en julio, con una disminuci\u00f3n interanual de 8.2% (39.26 GWh). Tambi\u00e9n baj\u00f3 la generaci\u00f3n a base de vapor, as\u00ed como la de biog\u00e1s y biomasa. El pa\u00eds ha experimentado una can\u00edcula prolongada que ha abarcado julio y agosto. El comportamiento de la generaci\u00f3n durante este \u00faltimo mes muestra tendencias similares. (PL 31.08.26)<\/p>\n","protected":false},"excerpt":{"rendered":"<p>El d\u00e9ficit de lluvia durante el invierno en Guatemala y el alza en los precios de los combustibles han incrementado el costo de la generaci\u00f3n de electricidad durante varios meses del 2026. A ello&#46;&#46;&#46;<\/p>\n","protected":false},"author":1,"featured_media":55380,"comment_status":"open","ping_status":"closed","sticky":false,"template":"","format":"standard","meta":{"footnotes":""},"categories":[14],"tags":[],"class_list":["post-72581","post","type-post","status-publish","format-standard","has-post-thumbnail","hentry","category-energia-electrica"],"_links":{"self":[{"href":"https:\/\/copades.com\/monec\/index.php?rest_route=\/wp\/v2\/posts\/72581","targetHints":{"allow":["GET"]}}],"collection":[{"href":"https:\/\/copades.com\/monec\/index.php?rest_route=\/wp\/v2\/posts"}],"about":[{"href":"https:\/\/copades.com\/monec\/index.php?rest_route=\/wp\/v2\/types\/post"}],"author":[{"embeddable":true,"href":"https:\/\/copades.com\/monec\/index.php?rest_route=\/wp\/v2\/users\/1"}],"replies":[{"embeddable":true,"href":"https:\/\/copades.com\/monec\/index.php?rest_route=%2Fwp%2Fv2%2Fcomments&post=72581"}],"version-history":[{"count":1,"href":"https:\/\/copades.com\/monec\/index.php?rest_route=\/wp\/v2\/posts\/72581\/revisions"}],"predecessor-version":[{"id":72582,"href":"https:\/\/copades.com\/monec\/index.php?rest_route=\/wp\/v2\/posts\/72581\/revisions\/72582"}],"wp:featuredmedia":[{"embeddable":true,"href":"https:\/\/copades.com\/monec\/index.php?rest_route=\/wp\/v2\/media\/55380"}],"wp:attachment":[{"href":"https:\/\/copades.com\/monec\/index.php?rest_route=%2Fwp%2Fv2%2Fmedia&parent=72581"}],"wp:term":[{"taxonomy":"category","embeddable":true,"href":"https:\/\/copades.com\/monec\/index.php?rest_route=%2Fwp%2Fv2%2Fcategories&post=72581"},{"taxonomy":"post_tag","embeddable":true,"href":"https:\/\/copades.com\/monec\/index.php?rest_route=%2Fwp%2Fv2%2Ftags&post=72581"}],"curies":[{"name":"wp","href":"https:\/\/api.w.org\/{rel}","templated":true}]}}