{"id":72607,"date":"2026-09-01T09:50:34","date_gmt":"2026-09-01T15:50:34","guid":{"rendered":"https:\/\/copades.com\/monec\/?p=72607"},"modified":"2026-09-01T09:50:34","modified_gmt":"2026-09-01T15:50:34","slug":"la-ue-suspendera-las-importaciones-de-carne-brasilena-alegando-normas-sobre-antimicrobianos","status":"publish","type":"post","link":"https:\/\/copades.com\/monec\/?p=72607","title":{"rendered":"La UE suspender\u00e1 las importaciones de carne brasile\u00f1a alegando normas sobre antimicrobianos"},"content":{"rendered":"<p style=\"text-align: justify;\">La Uni\u00f3n Europea suspender\u00e1 las importaciones de carne procedentes de Brasil a partir del 3 de septiembre, despu\u00e9s de que el pa\u00eds sudamericano no haya podido garantizar el cumplimiento de la normativa de la UE sobre el uso de sustancias antimicrobianas, seg\u00fan dijo este martes un portavoz de la Comisi\u00f3n Europea. La UE ya hab\u00eda anunciado en mayo que Brasil iba a ser eliminado de la lista de pa\u00edses que cumplen con la normativa y que exportan determinados productos animales al bloque. El portavoz de la Comisi\u00f3n explic\u00f3 a los periodistas que la UE no hab\u00eda recibido garant\u00edas de que Brasil cumpliera con el requisito del bloque de que no se utilicen antimicrobianos para promover el crecimiento animal. En cuanto a las aves de corral y la miel, est\u00e1 previsto que a finales de esta semana concluya una auditor\u00eda de la producci\u00f3n brasile\u00f1a, aunque los resultados no estar\u00e1n disponibles de inmediato, se\u00f1al\u00f3 el portavoz. En cuanto a la carne de vacuno, de la que Brasil fue el segundo mayor proveedor de la UE en 2025, la UE quer\u00eda garant\u00edas que abarcaran todo el ciclo de vida de los animales, a\u00f1adi\u00f3 el portavoz. La Comisi\u00f3n no ha dado un plazo para un posible levantamiento de la prohibici\u00f3n. La UE tambi\u00e9n proh\u00edbe administrar a los animales antimicrobianos que se utilizan para tratar a los seres humanos, incluidos los antibi\u00f3ticos. El uso excesivo de antibi\u00f3ticos en animales puede generar bacterias resistentes que se transmiten a las personas a trav\u00e9s de los alimentos, el contacto o el medio ambiente, lo que dificulta el tratamiento de algunas infecciones en los seres humanos. (eleconomista.com.mx 01.09.26)<\/p>\n","protected":false},"excerpt":{"rendered":"<p>La Uni\u00f3n Europea suspender\u00e1 las importaciones de carne procedentes de Brasil a partir del 3 de septiembre, despu\u00e9s de que el pa\u00eds sudamericano no haya podido garantizar el cumplimiento de la normativa de la&#46;&#46;&#46;<\/p>\n","protected":false},"author":1,"featured_media":50988,"comment_status":"open","ping_status":"closed","sticky":false,"template":"","format":"standard","meta":{"footnotes":""},"categories":[55],"tags":[],"class_list":["post-72607","post","type-post","status-publish","format-standard","has-post-thumbnail","hentry","category-internacionales-seleccion"],"_links":{"self":[{"href":"https:\/\/copades.com\/monec\/index.php?rest_route=\/wp\/v2\/posts\/72607","targetHints":{"allow":["GET"]}}],"collection":[{"href":"https:\/\/copades.com\/monec\/index.php?rest_route=\/wp\/v2\/posts"}],"about":[{"href":"https:\/\/copades.com\/monec\/index.php?rest_route=\/wp\/v2\/types\/post"}],"author":[{"embeddable":true,"href":"https:\/\/copades.com\/monec\/index.php?rest_route=\/wp\/v2\/users\/1"}],"replies":[{"embeddable":true,"href":"https:\/\/copades.com\/monec\/index.php?rest_route=%2Fwp%2Fv2%2Fcomments&post=72607"}],"version-history":[{"count":1,"href":"https:\/\/copades.com\/monec\/index.php?rest_route=\/wp\/v2\/posts\/72607\/revisions"}],"predecessor-version":[{"id":72608,"href":"https:\/\/copades.com\/monec\/index.php?rest_route=\/wp\/v2\/posts\/72607\/revisions\/72608"}],"wp:featuredmedia":[{"embeddable":true,"href":"https:\/\/copades.com\/monec\/index.php?rest_route=\/wp\/v2\/media\/50988"}],"wp:attachment":[{"href":"https:\/\/copades.com\/monec\/index.php?rest_route=%2Fwp%2Fv2%2Fmedia&parent=72607"}],"wp:term":[{"taxonomy":"category","embeddable":true,"href":"https:\/\/copades.com\/monec\/index.php?rest_route=%2Fwp%2Fv2%2Fcategories&post=72607"},{"taxonomy":"post_tag","embeddable":true,"href":"https:\/\/copades.com\/monec\/index.php?rest_route=%2Fwp%2Fv2%2Ftags&post=72607"}],"curies":[{"name":"wp","href":"https:\/\/api.w.org\/{rel}","templated":true}]}}