{"id":72617,"date":"2026-09-01T09:56:01","date_gmt":"2026-09-01T15:56:01","guid":{"rendered":"https:\/\/copades.com\/monec\/?p=72617"},"modified":"2026-09-01T09:56:01","modified_gmt":"2026-09-01T15:56:01","slug":"guatemala-entra-en-temporada-alta-de-carga-cadena-logistica-pide-mejorar-la-infraestructura-del-pais","status":"publish","type":"post","link":"https:\/\/copades.com\/monec\/?p=72617","title":{"rendered":"Guatemala entra en temporada alta de carga: cadena log\u00edstica pide mejorar la infraestructura del pa\u00eds"},"content":{"rendered":"<p style=\"text-align: justify;\">La cadena log\u00edstica del pa\u00eds inicia uno de los per\u00edodos de mayor actividad del a\u00f1o, durante el cual se incrementa el movimiento de carga mar\u00edtima y terrestre, as\u00ed como las operaciones aduaneras, debido al aumento de las importaciones para abastecer el comercio durante los \u00faltimos meses del a\u00f1o, por lo que se necesita una mejor infraestructura demandaron los representantes de diferentes gremiales. Los puertos del Atl\u00e1ntico y el Pac\u00edfico ya tienen programado el arribo de embarques, principalmente de carga contenerizada, con productos navide\u00f1os, art\u00edculos de retail, alimentos, materias primas y productos terminados y semiterminados destinados a atender el incremento de la demanda comercial de fin de a\u00f1o. El movimiento de carga mar\u00edtima est\u00e1 asociado al comportamiento de la actividad econ\u00f3mica. Para 2026, la nueva proyecci\u00f3n de crecimiento del producto interno bruto (PIB) de Guatemala es de 4.3%, por lo que se prev\u00e9 que el movimiento de mercanc\u00edas mantenga una din\u00e1mica acorde con el desempe\u00f1o de la econom\u00eda. <strong>H\u00e9ctor Fajardo<\/strong>, directivo de la C\u00e1mara de Transportistas Centroamericanos (Catransca), explic\u00f3 que esta semana comienza a movilizarse este tipo de carga, principalmente para los importadores que necesitan disponer de las mercanc\u00edas que comercializar\u00e1n en los canales mayoristas y minoristas durante la temporada de fin de a\u00f1o. Fajardo confirm\u00f3 que la reactivaci\u00f3n del corredor log\u00edstico del norte el pasado fin de semana, tras la habilitaci\u00f3n por parte del Ministerio de Comunicaciones, Infraestructura y Vivienda (CIV) del paso provisional entre los kil\u00f3metros 110 y 111, en el sector del puente Huij\u00f3, representa un alivio para los usuarios, ya que permitir\u00e1 agilizar el traslado de mercanc\u00edas. <strong>Jos\u00e9 de la Pe\u00f1a<\/strong>, presidente de la junta directiva de la Empresa Portuaria Nacional Santo Tom\u00e1s de Castilla (Empornac), en Izabal, confirm\u00f3 que ya han ingresado mercanc\u00edas destinadas a la temporada de fin de a\u00f1o y que estas se encuentran en los dep\u00f3sitos de los importadores. En las pr\u00f3ximas semanas se proyecta el ingreso de un mayor volumen de carga, de acuerdo con las programaciones realizadas por los propietarios de las mercanc\u00edas. Los auxiliares de la funci\u00f3n p\u00fablica en el servicio aduanero destacaron que ya se comienza a observar un incremento en las declaraciones de carga mar\u00edtima, principalmente de importaci\u00f3n, en ambos puertos. (PL 01.09.26)<\/p>\n","protected":false},"excerpt":{"rendered":"<p>La cadena log\u00edstica del pa\u00eds inicia uno de los per\u00edodos de mayor actividad del a\u00f1o, durante el cual se incrementa el movimiento de carga mar\u00edtima y terrestre, as\u00ed como las operaciones aduaneras, debido al&#46;&#46;&#46;<\/p>\n","protected":false},"author":1,"featured_media":48181,"comment_status":"open","ping_status":"closed","sticky":false,"template":"","format":"standard","meta":{"footnotes":""},"categories":[22],"tags":[],"class_list":["post-72617","post","type-post","status-publish","format-standard","has-post-thumbnail","hentry","category-transporte-y-almacenamiento"],"_links":{"self":[{"href":"https:\/\/copades.com\/monec\/index.php?rest_route=\/wp\/v2\/posts\/72617","targetHints":{"allow":["GET"]}}],"collection":[{"href":"https:\/\/copades.com\/monec\/index.php?rest_route=\/wp\/v2\/posts"}],"about":[{"href":"https:\/\/copades.com\/monec\/index.php?rest_route=\/wp\/v2\/types\/post"}],"author":[{"embeddable":true,"href":"https:\/\/copades.com\/monec\/index.php?rest_route=\/wp\/v2\/users\/1"}],"replies":[{"embeddable":true,"href":"https:\/\/copades.com\/monec\/index.php?rest_route=%2Fwp%2Fv2%2Fcomments&post=72617"}],"version-history":[{"count":1,"href":"https:\/\/copades.com\/monec\/index.php?rest_route=\/wp\/v2\/posts\/72617\/revisions"}],"predecessor-version":[{"id":72618,"href":"https:\/\/copades.com\/monec\/index.php?rest_route=\/wp\/v2\/posts\/72617\/revisions\/72618"}],"wp:featuredmedia":[{"embeddable":true,"href":"https:\/\/copades.com\/monec\/index.php?rest_route=\/wp\/v2\/media\/48181"}],"wp:attachment":[{"href":"https:\/\/copades.com\/monec\/index.php?rest_route=%2Fwp%2Fv2%2Fmedia&parent=72617"}],"wp:term":[{"taxonomy":"category","embeddable":true,"href":"https:\/\/copades.com\/monec\/index.php?rest_route=%2Fwp%2Fv2%2Fcategories&post=72617"},{"taxonomy":"post_tag","embeddable":true,"href":"https:\/\/copades.com\/monec\/index.php?rest_route=%2Fwp%2Fv2%2Ftags&post=72617"}],"curies":[{"name":"wp","href":"https:\/\/api.w.org\/{rel}","templated":true}]}}