{"id":72619,"date":"2026-09-01T09:58:29","date_gmt":"2026-09-01T15:58:29","guid":{"rendered":"https:\/\/copades.com\/monec\/?p=72619"},"modified":"2026-09-01T09:58:29","modified_gmt":"2026-09-01T15:58:29","slug":"ley-de-teletrabajo-podria-aprobarse-este-martes-en-el-congreso","status":"publish","type":"post","link":"https:\/\/copades.com\/monec\/?p=72619","title":{"rendered":"Ley de teletrabajo podr\u00eda aprobarse este martes en el Congreso"},"content":{"rendered":"<p style=\"text-align: justify;\">Los diputados acordaron conocer en tercera lectura y redacci\u00f3n final la iniciativa que busca crear la ley del teletrabajo, propuesta que pretende fomentar el trabajo remoto o a distancia. La propuesta est\u00e1 contenida en la iniciativa 6556, que fue presentada el 4 de junio del 2025 por los <strong>diputados Jos\u00e9 Pablo Mendoza<\/strong> y <strong>Cristian \u00c1lvarez<\/strong>, ambos del bloque Compromiso Renovaci\u00f3n y Orden (Creo). Desde ese momento, la propuesta comenz\u00f3 su camino por el Congreso, que est\u00e1 pr\u00f3ximo a culminar con una posible aprobaci\u00f3n final, seg\u00fan lo acordado por los diputados que integran la instancia de jefes de bloques. La iniciativa 6556 est\u00e1 programada para su tercer debate y aprobaci\u00f3n por art\u00edculos en la sesi\u00f3n plenaria de este martes 1 de septiembre, seg\u00fan la propuesta de agenda aprobada. La propuesta lleg\u00f3 a la Comisi\u00f3n de Trabajo del Congreso, que, tras evaluarla, sugiri\u00f3 algunos cambios y emiti\u00f3 el dictamen favorable con modificaciones el pasado 28 de abril, recordando que esta modalidad de trabajo se us\u00f3 durante la pandemia del covid-19, en el 2020. El primer debate de la iniciativa de ley del teletrabajo fue el 18 de agosto, y su segunda lectura el 25 del mismo mes. Queda \u00fanicamente el tercer debate, que requiere el voto favorable de al menos 81 diputados para avanzar a su redacci\u00f3n final. Tras esa tercera lectura corresponde la aprobaci\u00f3n por art\u00edculos. Cada uno de los 14 art\u00edculos que contiene el dictamen, junto con posibles enmiendas o art\u00edculos nuevos, necesita esa misma cantidad de votos para ser aprobado. En caso de que el Congreso apruebe la ley del teletrabajo, y esta sea sancionada por el presidente de la Rep\u00fablica, entrar\u00e1 en vigor 90 d\u00edas despu\u00e9s de ser publicada en el Diario de Centro Am\u00e9rica. (PL 01.09.26)<\/p>\n","protected":false},"excerpt":{"rendered":"<p>Los diputados acordaron conocer en tercera lectura y redacci\u00f3n final la iniciativa que busca crear la ley del teletrabajo, propuesta que pretende fomentar el trabajo remoto o a distancia. La propuesta est\u00e1 contenida en&#46;&#46;&#46;<\/p>\n","protected":false},"author":1,"featured_media":56538,"comment_status":"open","ping_status":"closed","sticky":false,"template":"","format":"standard","meta":{"footnotes":""},"categories":[49],"tags":[],"class_list":["post-72619","post","type-post","status-publish","format-standard","has-post-thumbnail","hentry","category-poblacion-empleos-y-salarios"],"_links":{"self":[{"href":"https:\/\/copades.com\/monec\/index.php?rest_route=\/wp\/v2\/posts\/72619","targetHints":{"allow":["GET"]}}],"collection":[{"href":"https:\/\/copades.com\/monec\/index.php?rest_route=\/wp\/v2\/posts"}],"about":[{"href":"https:\/\/copades.com\/monec\/index.php?rest_route=\/wp\/v2\/types\/post"}],"author":[{"embeddable":true,"href":"https:\/\/copades.com\/monec\/index.php?rest_route=\/wp\/v2\/users\/1"}],"replies":[{"embeddable":true,"href":"https:\/\/copades.com\/monec\/index.php?rest_route=%2Fwp%2Fv2%2Fcomments&post=72619"}],"version-history":[{"count":1,"href":"https:\/\/copades.com\/monec\/index.php?rest_route=\/wp\/v2\/posts\/72619\/revisions"}],"predecessor-version":[{"id":72620,"href":"https:\/\/copades.com\/monec\/index.php?rest_route=\/wp\/v2\/posts\/72619\/revisions\/72620"}],"wp:featuredmedia":[{"embeddable":true,"href":"https:\/\/copades.com\/monec\/index.php?rest_route=\/wp\/v2\/media\/56538"}],"wp:attachment":[{"href":"https:\/\/copades.com\/monec\/index.php?rest_route=%2Fwp%2Fv2%2Fmedia&parent=72619"}],"wp:term":[{"taxonomy":"category","embeddable":true,"href":"https:\/\/copades.com\/monec\/index.php?rest_route=%2Fwp%2Fv2%2Fcategories&post=72619"},{"taxonomy":"post_tag","embeddable":true,"href":"https:\/\/copades.com\/monec\/index.php?rest_route=%2Fwp%2Fv2%2Ftags&post=72619"}],"curies":[{"name":"wp","href":"https:\/\/api.w.org\/{rel}","templated":true}]}}