{"id":72625,"date":"2026-09-01T10:00:41","date_gmt":"2026-09-01T16:00:41","guid":{"rendered":"https:\/\/copades.com\/monec\/?p=72625"},"modified":"2026-09-01T10:00:41","modified_gmt":"2026-09-01T16:00:41","slug":"une-acude-a-la-cc-tras-quedar-fuera-exoneracion-de-multas-del-iusi","status":"publish","type":"post","link":"https:\/\/copades.com\/monec\/?p=72625","title":{"rendered":"UNE acude a la CC tras quedar fuera exoneraci\u00f3n de multas del IUSI"},"content":{"rendered":"<p style=\"text-align: justify;\">La bancada legislativa Unidad Nacional de la Esperanza (UNE) present\u00f3 un amparo en contra de la reforma a la Ley del Impuesto \u00danico Sobre Inmuebles (IUSI) que se aprob\u00f3 en julio \u00faltimo y fue sancionada por la Presidencia de la Rep\u00fablica el 28 de agosto pasado. Dicha acci\u00f3n legal es en contra de la Junta Directiva del Congreso de la Rep\u00fablica, a cargo de <strong>Luis Contreras<\/strong>, por no haberse incorporado en la iniciativa de ley 6709 la enmienda por adici\u00f3n que, juntamente con otros diputados, se hizo de un art\u00edculo transitorio \u00abintitulado extinci\u00f3n de obligaciones pendientes\u00bb, la cual fue aprobada por 90 votos y qued\u00f3 fuera del texto del decreto legislativo 18-2026. Seg\u00fan el jefe de bloque UNE, <strong>Jos\u00e9 In\u00e9s Castillo<\/strong>, por esa decisi\u00f3n se denuncia violaci\u00f3n al principio de legalidad y de sujeci\u00f3n de los funcionarios a la ley. \u00abLa autoridad impugnada no puede dejar de observar que, conforme a la Constituci\u00f3n y la Ley Org\u00e1nica del Organismo Legislativo, el proceso de discusi\u00f3n de un proyecto de ley, est\u00e1 claramente reglado y, por ende, no puede obviar el conocimiento, discusi\u00f3n y eventual aprobaci\u00f3n de la iniciativa de ley 6709. Iniciativa que contempla reformas a la Ley del IUSI y sus enmiendas, no requer\u00eda para su aprobaci\u00f3n el voto favorable de al menos dos terceras partes del total de diputados que integran el Congreso de la Rep\u00fablica\u00bb, expresa parte de los agravios que denunci\u00f3 el diputado. Asimismo, el legislador pide en el amparo que el Tribunal Constitucional le ordene a la Junta Directiva legislativa que tome las acciones correspondientes para incorporar al Decreto 18-2026 el texto de la enmienda por adici\u00f3n relacionada, a efecto de restaurar los derechos vulnerables y agote el procedimiento legislativo para el citado efecto. (LH 01.09.26)<\/p>\n","protected":false},"excerpt":{"rendered":"<p>La bancada legislativa Unidad Nacional de la Esperanza (UNE) present\u00f3 un amparo en contra de la reforma a la Ley del Impuesto \u00danico Sobre Inmuebles (IUSI) que se aprob\u00f3 en julio \u00faltimo y fue&#46;&#46;&#46;<\/p>\n","protected":false},"author":1,"featured_media":62079,"comment_status":"open","ping_status":"closed","sticky":false,"template":"","format":"standard","meta":{"footnotes":""},"categories":[41],"tags":[],"class_list":["post-72625","post","type-post","status-publish","format-standard","has-post-thumbnail","hentry","category-finanzas-publicas"],"_links":{"self":[{"href":"https:\/\/copades.com\/monec\/index.php?rest_route=\/wp\/v2\/posts\/72625","targetHints":{"allow":["GET"]}}],"collection":[{"href":"https:\/\/copades.com\/monec\/index.php?rest_route=\/wp\/v2\/posts"}],"about":[{"href":"https:\/\/copades.com\/monec\/index.php?rest_route=\/wp\/v2\/types\/post"}],"author":[{"embeddable":true,"href":"https:\/\/copades.com\/monec\/index.php?rest_route=\/wp\/v2\/users\/1"}],"replies":[{"embeddable":true,"href":"https:\/\/copades.com\/monec\/index.php?rest_route=%2Fwp%2Fv2%2Fcomments&post=72625"}],"version-history":[{"count":1,"href":"https:\/\/copades.com\/monec\/index.php?rest_route=\/wp\/v2\/posts\/72625\/revisions"}],"predecessor-version":[{"id":72626,"href":"https:\/\/copades.com\/monec\/index.php?rest_route=\/wp\/v2\/posts\/72625\/revisions\/72626"}],"wp:featuredmedia":[{"embeddable":true,"href":"https:\/\/copades.com\/monec\/index.php?rest_route=\/wp\/v2\/media\/62079"}],"wp:attachment":[{"href":"https:\/\/copades.com\/monec\/index.php?rest_route=%2Fwp%2Fv2%2Fmedia&parent=72625"}],"wp:term":[{"taxonomy":"category","embeddable":true,"href":"https:\/\/copades.com\/monec\/index.php?rest_route=%2Fwp%2Fv2%2Fcategories&post=72625"},{"taxonomy":"post_tag","embeddable":true,"href":"https:\/\/copades.com\/monec\/index.php?rest_route=%2Fwp%2Fv2%2Ftags&post=72625"}],"curies":[{"name":"wp","href":"https:\/\/api.w.org\/{rel}","templated":true}]}}