{"id":72653,"date":"2026-09-02T09:34:23","date_gmt":"2026-09-02T15:34:23","guid":{"rendered":"https:\/\/copades.com\/monec\/?p=72653"},"modified":"2026-09-02T09:34:23","modified_gmt":"2026-09-02T15:34:23","slug":"deportaciones-de-guatemaltecos-suben-un-47-5-en-los-primeros-ocho-meses-de-2026","status":"publish","type":"post","link":"https:\/\/copades.com\/monec\/?p=72653","title":{"rendered":"Deportaciones de guatemaltecos suben un 47.5 % en los primeros ocho meses de 2026"},"content":{"rendered":"<p style=\"text-align: justify;\">Un total de 46,194 migrantes guatemaltecos fueron deportados desde Estados Unidos y M\u00e9xico durante los primeros ocho meses de 2026. Esta cifra representa un aumento del 47.5 % en comparaci\u00f3n con el mismo periodo de 2025, seg\u00fan informaron este martes las autoridades migratorias de Guatemala. De acuerdo con las cifras divulgadas por el Instituto Guatemalteco de Migraci\u00f3n (IGM), entre enero y agosto de 2025, las autoridades estadounidenses y mexicanas retornaron a 31 mil 309 ciudadanos del pa\u00eds. Por lo que este a\u00f1o fueron deportadas 14 mil 885 personas m\u00e1s en comparaci\u00f3n con el mismo periodo del a\u00f1o anterior. Los meses en los que las autoridades migratorias de los dos pa\u00edses del norte de Am\u00e9rica registraron un mayor n\u00famero de retornos fueron julio, con 7 mil 463, y agosto, con 6 mil 951 guatemaltecos. Seg\u00fan la entidad migratoria, los guatemaltecos retornados por esos pa\u00edses son de dos provincias contiguas y fronterizas con M\u00e9xico, pues 8 mil 996 son principalmente originarios de Huehuetenango (oeste) y 6 mil 630 de San Marcos (suroeste), seg\u00fan la informaci\u00f3n oficial. Del total de deportados entre enero y agosto de este a\u00f1o, 40 mil 842 son hombres adultos, 4 mil 230 mujeres adultas y 1 mil 122 menores de edad, de acuerdo con los datos oficiales. Durante el a\u00f1o pasado, las autoridades de Estados Unidos y M\u00e9xico deportaron a un total de 55 mil 276 migrantes guatemaltecos, una cifra inferior a los 76 mil 768 registrados en 2024. Miles de guatemaltecos arriesgan cada d\u00eda sus vidas para alcanzar el denominado \u00absue\u00f1o americano\u00bb en busca de mejores condiciones de vida. Solo en Estados Unidos, de acuerdo con la Canciller\u00eda, se estima que viven unos 3.6 millones de guatemaltecos, la mayor\u00eda de ellos en condici\u00f3n irregular. (LH 02.09.26)<\/p>\n","protected":false},"excerpt":{"rendered":"<p>Un total de 46,194 migrantes guatemaltecos fueron deportados desde Estados Unidos y M\u00e9xico durante los primeros ocho meses de 2026. Esta cifra representa un aumento del 47.5 % en comparaci\u00f3n con el mismo periodo&#46;&#46;&#46;<\/p>\n","protected":false},"author":1,"featured_media":56763,"comment_status":"open","ping_status":"closed","sticky":false,"template":"","format":"standard","meta":{"footnotes":""},"categories":[840],"tags":[],"class_list":["post-72653","post","type-post","status-publish","format-standard","has-post-thumbnail","hentry","category-migracion"],"_links":{"self":[{"href":"https:\/\/copades.com\/monec\/index.php?rest_route=\/wp\/v2\/posts\/72653","targetHints":{"allow":["GET"]}}],"collection":[{"href":"https:\/\/copades.com\/monec\/index.php?rest_route=\/wp\/v2\/posts"}],"about":[{"href":"https:\/\/copades.com\/monec\/index.php?rest_route=\/wp\/v2\/types\/post"}],"author":[{"embeddable":true,"href":"https:\/\/copades.com\/monec\/index.php?rest_route=\/wp\/v2\/users\/1"}],"replies":[{"embeddable":true,"href":"https:\/\/copades.com\/monec\/index.php?rest_route=%2Fwp%2Fv2%2Fcomments&post=72653"}],"version-history":[{"count":1,"href":"https:\/\/copades.com\/monec\/index.php?rest_route=\/wp\/v2\/posts\/72653\/revisions"}],"predecessor-version":[{"id":72654,"href":"https:\/\/copades.com\/monec\/index.php?rest_route=\/wp\/v2\/posts\/72653\/revisions\/72654"}],"wp:featuredmedia":[{"embeddable":true,"href":"https:\/\/copades.com\/monec\/index.php?rest_route=\/wp\/v2\/media\/56763"}],"wp:attachment":[{"href":"https:\/\/copades.com\/monec\/index.php?rest_route=%2Fwp%2Fv2%2Fmedia&parent=72653"}],"wp:term":[{"taxonomy":"category","embeddable":true,"href":"https:\/\/copades.com\/monec\/index.php?rest_route=%2Fwp%2Fv2%2Fcategories&post=72653"},{"taxonomy":"post_tag","embeddable":true,"href":"https:\/\/copades.com\/monec\/index.php?rest_route=%2Fwp%2Fv2%2Ftags&post=72653"}],"curies":[{"name":"wp","href":"https:\/\/api.w.org\/{rel}","templated":true}]}}