{"id":72655,"date":"2026-09-02T09:35:13","date_gmt":"2026-09-02T15:35:13","guid":{"rendered":"https:\/\/copades.com\/monec\/?p=72655"},"modified":"2026-09-02T09:35:13","modified_gmt":"2026-09-02T15:35:13","slug":"el-nino-podria-presionar-la-inflacion-pero-guatemala-tiene-margen-para-absorber-el-impacto-economico-segun-banguat","status":"publish","type":"post","link":"https:\/\/copades.com\/monec\/?p=72655","title":{"rendered":"El Ni\u00f1o podr\u00eda presionar la inflaci\u00f3n, pero Guatemala tiene margen para absorber el impacto econ\u00f3mico, seg\u00fan Banguat"},"content":{"rendered":"<p style=\"text-align: justify;\">Guatemala dej\u00f3 atr\u00e1s la can\u00edcula y ya enfrenta condiciones de sequ\u00eda; el panorama no es tan halag\u00fce\u00f1o, seg\u00fan lo proyecta el Instituto Nacional de Sismolog\u00eda, Vulcanolog\u00eda, Meteorolog\u00eda e Hidrolog\u00eda (Insivumeh) y el Banco de Guatemala (Banguat). Seg\u00fan el Insivumeh, entre enero y agosto de 2026, el pa\u00eds acumul\u00f3 casi 14% menos lluvia que durante el mismo per\u00edodo de 2025. El escenario preocupa especialmente porque septiembre, que hist\u00f3ricamente se encuentra entre los meses con mayor cantidad de lluvias del a\u00f1o, podr\u00eda registrar precipitaciones por debajo de lo esperado. A esto se suma la evoluci\u00f3n del fen\u00f3meno de El Ni\u00f1o, que podr\u00eda intensificarse durante las pr\u00f3ximas semanas y alcanzar una condici\u00f3n fuerte en septiembre y extremadamente fuerte en octubre, escenario que algunos an\u00e1lisis denominan \u201cel s\u00faper Ni\u00f1o\u201d. La falta de lluvia no solo representa un problema para el campo. Tambi\u00e9n puede generar una distorsi\u00f3n econ\u00f3mica, principalmente a trav\u00e9s de los precios de los alimentos, mientras que el impacto sobre el crecimiento econ\u00f3mico, aunque ser\u00eda m\u00e1s moderado, tambi\u00e9n podr\u00eda sentirse. El primer golpe econ\u00f3mico de una sequ\u00eda severa se sentir\u00eda en los precios; sin embargo, con una perspectiva de crecimiento de alrededor de 4.4% para este a\u00f1o, la econom\u00eda guatemalteca tendr\u00eda margen para absorber un impacto de entre 0.1 y 0.2 puntos porcentuales en el PIB, similar al observado durante el episodio de El Ni\u00f1o de 2015, sin que esto implique por s\u00ed mismo un escenario de recesi\u00f3n. El mayor efecto econ\u00f3mico podr\u00eda darse por la v\u00eda de los precios. <strong>Johny Gramajo<\/strong>, gerente econ\u00f3mico del Banco de Guatemala (Banguat), explic\u00f3 que un escenario de El Ni\u00f1o severo podr\u00eda llevar la inflaci\u00f3n hacia el l\u00edmite superior de la meta, alrededor de 5%. Actualmente, la inflaci\u00f3n se encuentra en 2.60%, por debajo del l\u00edmite inferior de la meta de 3%. Seg\u00fan Gramajo, los efectos macroecon\u00f3micos de un fen\u00f3meno clim\u00e1tico de esta naturaleza se concentran principalmente en la inflaci\u00f3n, debido a su posible impacto sobre la producci\u00f3n agr\u00edcola y, con ello, sobre los precios de algunos productos. (LH 02.09.26)<\/p>\n","protected":false},"excerpt":{"rendered":"<p>Guatemala dej\u00f3 atr\u00e1s la can\u00edcula y ya enfrenta condiciones de sequ\u00eda; el panorama no es tan halag\u00fce\u00f1o, seg\u00fan lo proyecta el Instituto Nacional de Sismolog\u00eda, Vulcanolog\u00eda, Meteorolog\u00eda e Hidrolog\u00eda (Insivumeh) y el Banco de&#46;&#46;&#46;<\/p>\n","protected":false},"author":1,"featured_media":54469,"comment_status":"open","ping_status":"closed","sticky":false,"template":"","format":"standard","meta":{"footnotes":""},"categories":[46],"tags":[],"class_list":["post-72655","post","type-post","status-publish","format-standard","has-post-thumbnail","hentry","category-inflacion"],"_links":{"self":[{"href":"https:\/\/copades.com\/monec\/index.php?rest_route=\/wp\/v2\/posts\/72655","targetHints":{"allow":["GET"]}}],"collection":[{"href":"https:\/\/copades.com\/monec\/index.php?rest_route=\/wp\/v2\/posts"}],"about":[{"href":"https:\/\/copades.com\/monec\/index.php?rest_route=\/wp\/v2\/types\/post"}],"author":[{"embeddable":true,"href":"https:\/\/copades.com\/monec\/index.php?rest_route=\/wp\/v2\/users\/1"}],"replies":[{"embeddable":true,"href":"https:\/\/copades.com\/monec\/index.php?rest_route=%2Fwp%2Fv2%2Fcomments&post=72655"}],"version-history":[{"count":1,"href":"https:\/\/copades.com\/monec\/index.php?rest_route=\/wp\/v2\/posts\/72655\/revisions"}],"predecessor-version":[{"id":72656,"href":"https:\/\/copades.com\/monec\/index.php?rest_route=\/wp\/v2\/posts\/72655\/revisions\/72656"}],"wp:featuredmedia":[{"embeddable":true,"href":"https:\/\/copades.com\/monec\/index.php?rest_route=\/wp\/v2\/media\/54469"}],"wp:attachment":[{"href":"https:\/\/copades.com\/monec\/index.php?rest_route=%2Fwp%2Fv2%2Fmedia&parent=72655"}],"wp:term":[{"taxonomy":"category","embeddable":true,"href":"https:\/\/copades.com\/monec\/index.php?rest_route=%2Fwp%2Fv2%2Fcategories&post=72655"},{"taxonomy":"post_tag","embeddable":true,"href":"https:\/\/copades.com\/monec\/index.php?rest_route=%2Fwp%2Fv2%2Ftags&post=72655"}],"curies":[{"name":"wp","href":"https:\/\/api.w.org\/{rel}","templated":true}]}}