{"id":7274,"date":"2013-06-22T16:49:21","date_gmt":"2013-06-22T16:49:21","guid":{"rendered":"http:\/\/copades.com\/monec\/?p=7274"},"modified":"2013-06-24T16:50:47","modified_gmt":"2013-06-24T16:50:47","slug":"espana-se-plantea-ahorro-millonario","status":"publish","type":"post","link":"https:\/\/copades.com\/monec\/?p=7274","title":{"rendered":"Espa\u00f1a se plantea ahorro millonario"},"content":{"rendered":"<p style=\"text-align: justify;\">El Gobierno conservador espa\u00f1ol anunci\u00f3 el 21 de junio, que pretende ahorrar \u20ac6,500 millones hasta el 2015, al racionalizar su administraci\u00f3n p\u00fablica, pues se\u00f1al\u00f3 que las reformas globales en este sector, algunas ya adoptadas, supondr\u00e1n un ahorro de \u20ac37,700 millones. \u201cHasta su completa implantaci\u00f3n en el 2015, esta reforma generar\u00e1 a las administraciones p\u00fablicas unos ahorros del entorno de \u20ac6,500 millones\u201d, indic\u00f3 la portavoz y vicepresidenta econ\u00f3mica del Gobierno, <strong>Soraya S\u00e1enz de Santamar\u00eda<\/strong>, tras el consejo de ministros. \u00a0\u201cEn global, si yo cuento medidas de racionalizaci\u00f3n de la burocracia, lo que es el adelgazamiento de la administraci\u00f3n p\u00fablica\u201d entre 2012 y 2015, suman \u201c\u20ac37,700 millones acumulados\u201d, precis\u00f3 <strong>S\u00e1enz de Santamar\u00eda<\/strong>. (Prensa Libre 22.06.13)<\/p>\n","protected":false},"excerpt":{"rendered":"<p>El Gobierno conservador espa\u00f1ol anunci\u00f3 el 21 de junio, que pretende ahorrar \u20ac6,500 millones hasta el 2015, al racionalizar su administraci\u00f3n p\u00fablica, pues se\u00f1al\u00f3 que las reformas globales en este sector, algunas ya adoptadas,&#46;&#46;&#46;<\/p>\n","protected":false},"author":1,"featured_media":0,"comment_status":"open","ping_status":"closed","sticky":false,"template":"","format":"standard","meta":{"footnotes":""},"categories":[55],"tags":[1244],"class_list":["post-7274","post","type-post","status-publish","format-standard","hentry","category-internacionales-seleccion","tag-el-gobierno-conservador-espanol"],"_links":{"self":[{"href":"https:\/\/copades.com\/monec\/index.php?rest_route=\/wp\/v2\/posts\/7274","targetHints":{"allow":["GET"]}}],"collection":[{"href":"https:\/\/copades.com\/monec\/index.php?rest_route=\/wp\/v2\/posts"}],"about":[{"href":"https:\/\/copades.com\/monec\/index.php?rest_route=\/wp\/v2\/types\/post"}],"author":[{"embeddable":true,"href":"https:\/\/copades.com\/monec\/index.php?rest_route=\/wp\/v2\/users\/1"}],"replies":[{"embeddable":true,"href":"https:\/\/copades.com\/monec\/index.php?rest_route=%2Fwp%2Fv2%2Fcomments&post=7274"}],"version-history":[{"count":1,"href":"https:\/\/copades.com\/monec\/index.php?rest_route=\/wp\/v2\/posts\/7274\/revisions"}],"predecessor-version":[{"id":7275,"href":"https:\/\/copades.com\/monec\/index.php?rest_route=\/wp\/v2\/posts\/7274\/revisions\/7275"}],"wp:attachment":[{"href":"https:\/\/copades.com\/monec\/index.php?rest_route=%2Fwp%2Fv2%2Fmedia&parent=7274"}],"wp:term":[{"taxonomy":"category","embeddable":true,"href":"https:\/\/copades.com\/monec\/index.php?rest_route=%2Fwp%2Fv2%2Fcategories&post=7274"},{"taxonomy":"post_tag","embeddable":true,"href":"https:\/\/copades.com\/monec\/index.php?rest_route=%2Fwp%2Fv2%2Ftags&post=7274"}],"curies":[{"name":"wp","href":"https:\/\/api.w.org\/{rel}","templated":true}]}}