{"id":7367,"date":"2013-06-27T16:26:19","date_gmt":"2013-06-27T16:26:19","guid":{"rendered":"http:\/\/copades.com\/monec\/?p=7367"},"modified":"2013-06-27T16:26:19","modified_gmt":"2013-06-27T16:26:19","slug":"eurozona-tiene-18-millones-de-jovenes-sin-empleo","status":"publish","type":"post","link":"https:\/\/copades.com\/monec\/?p=7367","title":{"rendered":"Eurozona tiene 18 millones de j\u00f3venes sin empleo"},"content":{"rendered":"<p style=\"text-align: justify;\">El desempleo de la Eurozona alcanz\u00f3 en abril un nuevo r\u00e9cord hist\u00f3rico, con un 12.0% (m\u00e1s de 18 millones de personas), una de las caras m\u00e1s dram\u00e1ticas de la crisis europea que golpea sobre todo a los m\u00e1s j\u00f3venes. En el \u00faltimo a\u00f1o, un mill\u00f3n 644 mil personas perdieron su trabajo en la zona euro, y\u00a0 un mill\u00f3n 673 mil en la Uni\u00f3n Europea, indic\u00f3 la oficina de estad\u00edstica europea Eurostat. Entre los Estados miembro, las tasas m\u00e1s elevadas se registraron en Grecia (27.0%, seg\u00fan datos a febrero de este a\u00f1o), Espa\u00f1a (26.80%) y Portugal (17.80%). (El Periodico 27.06.13)<\/p>\n","protected":false},"excerpt":{"rendered":"<p>El desempleo de la Eurozona alcanz\u00f3 en abril un nuevo r\u00e9cord hist\u00f3rico, con un 12.0% (m\u00e1s de 18 millones de personas), una de las caras m\u00e1s dram\u00e1ticas de la crisis europea que golpea sobre&#46;&#46;&#46;<\/p>\n","protected":false},"author":1,"featured_media":0,"comment_status":"open","ping_status":"closed","sticky":false,"template":"","format":"standard","meta":{"footnotes":""},"categories":[55],"tags":[110,447],"class_list":["post-7367","post","type-post","status-publish","format-standard","hentry","category-internacionales-seleccion","tag-desempleo","tag-eurostat"],"_links":{"self":[{"href":"https:\/\/copades.com\/monec\/index.php?rest_route=\/wp\/v2\/posts\/7367","targetHints":{"allow":["GET"]}}],"collection":[{"href":"https:\/\/copades.com\/monec\/index.php?rest_route=\/wp\/v2\/posts"}],"about":[{"href":"https:\/\/copades.com\/monec\/index.php?rest_route=\/wp\/v2\/types\/post"}],"author":[{"embeddable":true,"href":"https:\/\/copades.com\/monec\/index.php?rest_route=\/wp\/v2\/users\/1"}],"replies":[{"embeddable":true,"href":"https:\/\/copades.com\/monec\/index.php?rest_route=%2Fwp%2Fv2%2Fcomments&post=7367"}],"version-history":[{"count":1,"href":"https:\/\/copades.com\/monec\/index.php?rest_route=\/wp\/v2\/posts\/7367\/revisions"}],"predecessor-version":[{"id":7368,"href":"https:\/\/copades.com\/monec\/index.php?rest_route=\/wp\/v2\/posts\/7367\/revisions\/7368"}],"wp:attachment":[{"href":"https:\/\/copades.com\/monec\/index.php?rest_route=%2Fwp%2Fv2%2Fmedia&parent=7367"}],"wp:term":[{"taxonomy":"category","embeddable":true,"href":"https:\/\/copades.com\/monec\/index.php?rest_route=%2Fwp%2Fv2%2Fcategories&post=7367"},{"taxonomy":"post_tag","embeddable":true,"href":"https:\/\/copades.com\/monec\/index.php?rest_route=%2Fwp%2Fv2%2Ftags&post=7367"}],"curies":[{"name":"wp","href":"https:\/\/api.w.org\/{rel}","templated":true}]}}