{"id":7735,"date":"2013-07-13T17:17:34","date_gmt":"2013-07-13T17:17:34","guid":{"rendered":"http:\/\/copades.com\/monec\/?p=7735"},"modified":"2013-07-15T17:18:42","modified_gmt":"2013-07-15T17:18:42","slug":"crecimiento-rondara-el-3-0","status":"publish","type":"post","link":"https:\/\/copades.com\/monec\/?p=7735","title":{"rendered":"Crecimiento rondar\u00e1 el 3.0%"},"content":{"rendered":"<p style=\"text-align: justify;\">Las variaciones econ\u00f3micas durante el primer semestre hacen pensar que el producto interno bruto (PIB) para el 2013 podr\u00eda ser del 3.0%, porcentaje menor a las expectativas de la Junta Monetaria (JM), que la semana reci\u00e9n pasada las proyect\u00f3 en 3.50%. La Pol\u00edtica Econ\u00f3mica vigente mantiene que el crecimiento para este a\u00f1o ser\u00e1 de entre 3.50% y 3.90%. <strong>Guillermo Rodr\u00edguez Mahuad<\/strong>, director de la C\u00e1mara de Comercio, indica: \u201cLos n\u00fameros apuntan a que si llegamos a 3.0%, ser\u00e1 un indicador bueno; pero cuando se le pregunta al resto del sector privado, se prev\u00e9 que incluso ser\u00e1 negativo\u201d. <strong>Carlos Gonz\u00e1lez Ar\u00e9valo<\/strong>, de la Asociaci\u00f3n de Investigaci\u00f3n y Estudios Sociales (AS\u00cdES), expuso: \u201cAlcanzar el 3.0% es insuficiente, si se compara con la tasa de crecimiento de la poblaci\u00f3n. Lo ideal es que el PIB sea del 5.0% anual.\u201d. (Prensa Libre 13.07.13)<\/p>\n","protected":false},"excerpt":{"rendered":"<p>Las variaciones econ\u00f3micas durante el primer semestre hacen pensar que el producto interno bruto (PIB) para el 2013 podr\u00eda ser del 3.0%, porcentaje menor a las expectativas de la Junta Monetaria (JM), que la&#46;&#46;&#46;<\/p>\n","protected":false},"author":1,"featured_media":0,"comment_status":"open","ping_status":"closed","sticky":false,"template":"","format":"standard","meta":{"footnotes":""},"categories":[41,39],"tags":[101,142],"class_list":["post-7735","post","type-post","status-publish","format-standard","hentry","category-finanzas-publicas","category-sector-publico","tag-jm","tag-pib"],"_links":{"self":[{"href":"https:\/\/copades.com\/monec\/index.php?rest_route=\/wp\/v2\/posts\/7735","targetHints":{"allow":["GET"]}}],"collection":[{"href":"https:\/\/copades.com\/monec\/index.php?rest_route=\/wp\/v2\/posts"}],"about":[{"href":"https:\/\/copades.com\/monec\/index.php?rest_route=\/wp\/v2\/types\/post"}],"author":[{"embeddable":true,"href":"https:\/\/copades.com\/monec\/index.php?rest_route=\/wp\/v2\/users\/1"}],"replies":[{"embeddable":true,"href":"https:\/\/copades.com\/monec\/index.php?rest_route=%2Fwp%2Fv2%2Fcomments&post=7735"}],"version-history":[{"count":1,"href":"https:\/\/copades.com\/monec\/index.php?rest_route=\/wp\/v2\/posts\/7735\/revisions"}],"predecessor-version":[{"id":7736,"href":"https:\/\/copades.com\/monec\/index.php?rest_route=\/wp\/v2\/posts\/7735\/revisions\/7736"}],"wp:attachment":[{"href":"https:\/\/copades.com\/monec\/index.php?rest_route=%2Fwp%2Fv2%2Fmedia&parent=7735"}],"wp:term":[{"taxonomy":"category","embeddable":true,"href":"https:\/\/copades.com\/monec\/index.php?rest_route=%2Fwp%2Fv2%2Fcategories&post=7735"},{"taxonomy":"post_tag","embeddable":true,"href":"https:\/\/copades.com\/monec\/index.php?rest_route=%2Fwp%2Fv2%2Ftags&post=7735"}],"curies":[{"name":"wp","href":"https:\/\/api.w.org\/{rel}","templated":true}]}}