{"id":7817,"date":"2013-07-17T15:47:16","date_gmt":"2013-07-17T15:47:16","guid":{"rendered":"http:\/\/copades.com\/monec\/?p=7817"},"modified":"2013-07-17T15:47:16","modified_gmt":"2013-07-17T15:47:16","slug":"estado-priorizara-canal-interoceanico","status":"publish","type":"post","link":"https:\/\/copades.com\/monec\/?p=7817","title":{"rendered":"Estado priorizar\u00e1 canal interoce\u00e1nico"},"content":{"rendered":"<p style=\"text-align: justify;\">El Gobierno declar\u00f3 el 16 de julio, de \u201cutilidad p\u00fablica\u201d y de \u201cinter\u00e9s nacional\u201d la gesti\u00f3n, promoci\u00f3n, construcci\u00f3n y operaci\u00f3n del corredor interoce\u00e1nico de Guatemala, por considerar que es una obra que le permitir\u00e1 al pa\u00eds un posicionamiento estrat\u00e9gico frente al comercio mundial. \u201cEl proyecto atraer\u00e1 inversi\u00f3n extranjera, generaci\u00f3n de empleo directo y mayores ingresos al Estado en concepto de tributos, as\u00ed como el mejoramiento y calidad de vida y desarrollo de todos los habitantes de Guatemala\u201d, se\u00f1ala el acuerdo, presentado el 16 de julio en el Palacio Nacional de la Cultura. El presidente de la junta directiva del Corredor Interoce\u00e1nico, <strong>Guillermo Catal\u00e1n<\/strong>, dio a conocer que dentro de cuatro o cinco meses se empezar\u00e1n a desarrollar estudios para establecer el valor de la infraestructura, que se ha calculado en US$7 mil millones y US$8 mil millones (entre Q54.9 mil millones y Q62.8 mil millones). (Prensa Libre 17.07.13)<\/p>\n","protected":false},"excerpt":{"rendered":"<p>El Gobierno declar\u00f3 el 16 de julio, de \u201cutilidad p\u00fablica\u201d y de \u201cinter\u00e9s nacional\u201d la gesti\u00f3n, promoci\u00f3n, construcci\u00f3n y operaci\u00f3n del corredor interoce\u00e1nico de Guatemala, por considerar que es una obra que le permitir\u00e1&#46;&#46;&#46;<\/p>\n","protected":false},"author":1,"featured_media":0,"comment_status":"open","ping_status":"closed","sticky":false,"template":"","format":"standard","meta":{"footnotes":""},"categories":[25,24],"tags":[1386],"class_list":["post-7817","post","type-post","status-publish","format-standard","hentry","category-comercio-exterior-3","category-comercio-exterior","tag-corredor-interoceanico-de-guatemala"],"_links":{"self":[{"href":"https:\/\/copades.com\/monec\/index.php?rest_route=\/wp\/v2\/posts\/7817","targetHints":{"allow":["GET"]}}],"collection":[{"href":"https:\/\/copades.com\/monec\/index.php?rest_route=\/wp\/v2\/posts"}],"about":[{"href":"https:\/\/copades.com\/monec\/index.php?rest_route=\/wp\/v2\/types\/post"}],"author":[{"embeddable":true,"href":"https:\/\/copades.com\/monec\/index.php?rest_route=\/wp\/v2\/users\/1"}],"replies":[{"embeddable":true,"href":"https:\/\/copades.com\/monec\/index.php?rest_route=%2Fwp%2Fv2%2Fcomments&post=7817"}],"version-history":[{"count":1,"href":"https:\/\/copades.com\/monec\/index.php?rest_route=\/wp\/v2\/posts\/7817\/revisions"}],"predecessor-version":[{"id":7818,"href":"https:\/\/copades.com\/monec\/index.php?rest_route=\/wp\/v2\/posts\/7817\/revisions\/7818"}],"wp:attachment":[{"href":"https:\/\/copades.com\/monec\/index.php?rest_route=%2Fwp%2Fv2%2Fmedia&parent=7817"}],"wp:term":[{"taxonomy":"category","embeddable":true,"href":"https:\/\/copades.com\/monec\/index.php?rest_route=%2Fwp%2Fv2%2Fcategories&post=7817"},{"taxonomy":"post_tag","embeddable":true,"href":"https:\/\/copades.com\/monec\/index.php?rest_route=%2Fwp%2Fv2%2Ftags&post=7817"}],"curies":[{"name":"wp","href":"https:\/\/api.w.org\/{rel}","templated":true}]}}