{"id":7961,"date":"2013-07-22T16:03:40","date_gmt":"2013-07-22T16:03:40","guid":{"rendered":"http:\/\/copades.com\/monec\/?p=7961"},"modified":"2013-07-22T16:03:40","modified_gmt":"2013-07-22T16:03:40","slug":"ministro-confia-en-recuperacion-laboral","status":"publish","type":"post","link":"https:\/\/copades.com\/monec\/?p=7961","title":{"rendered":"Ministro conf\u00eda en recuperaci\u00f3n laboral"},"content":{"rendered":"<p style=\"text-align: justify;\">El ministro de Econom\u00eda y Competitividad, <strong>Luis de Guindos<\/strong>, se mostr\u00f3 confiado en que en el segundo trimestre del 2013 en Espa\u00f1a se haya creado empleo, eliminando el factor estacional, y se revierta as\u00ed la tendencia de destrucci\u00f3n de trabajos. \u201cQuiz\u00e1s sea lo m\u00e1s significativo, ya que despu\u00e9s de 16 trimestres seguidos se ha destruido empleo. Esperamos que en el segundo trimestre Espa\u00f1a por primera vez haya creado empleo y la tendencia se haya revertido\u201d, asegur\u00f3 <strong>De Guindos<\/strong> durante su participaci\u00f3n en Mosc\u00fa en la reuni\u00f3n de ministros del G20. <strong>De Guindos<\/strong> se\u00f1al\u00f3 que su departamento ha valorado los efectos de la reforma laboral aprobada por el Gobierno de <strong>Mariano Rajoy<\/strong>, y asegur\u00f3 que esta \u201cha evitado la destrucci\u00f3n de 200 mil puestos de trabajo\u201d. (Prensa Libre 22.07.13)<\/p>\n","protected":false},"excerpt":{"rendered":"<p>El ministro de Econom\u00eda y Competitividad, Luis de Guindos, se mostr\u00f3 confiado en que en el segundo trimestre del 2013 en Espa\u00f1a se haya creado empleo, eliminando el factor estacional, y se revierta as\u00ed&#46;&#46;&#46;<\/p>\n","protected":false},"author":1,"featured_media":0,"comment_status":"open","ping_status":"closed","sticky":false,"template":"","format":"standard","meta":{"footnotes":""},"categories":[55],"tags":[165],"class_list":["post-7961","post","type-post","status-publish","format-standard","hentry","category-internacionales-seleccion","tag-espana"],"_links":{"self":[{"href":"https:\/\/copades.com\/monec\/index.php?rest_route=\/wp\/v2\/posts\/7961","targetHints":{"allow":["GET"]}}],"collection":[{"href":"https:\/\/copades.com\/monec\/index.php?rest_route=\/wp\/v2\/posts"}],"about":[{"href":"https:\/\/copades.com\/monec\/index.php?rest_route=\/wp\/v2\/types\/post"}],"author":[{"embeddable":true,"href":"https:\/\/copades.com\/monec\/index.php?rest_route=\/wp\/v2\/users\/1"}],"replies":[{"embeddable":true,"href":"https:\/\/copades.com\/monec\/index.php?rest_route=%2Fwp%2Fv2%2Fcomments&post=7961"}],"version-history":[{"count":1,"href":"https:\/\/copades.com\/monec\/index.php?rest_route=\/wp\/v2\/posts\/7961\/revisions"}],"predecessor-version":[{"id":7962,"href":"https:\/\/copades.com\/monec\/index.php?rest_route=\/wp\/v2\/posts\/7961\/revisions\/7962"}],"wp:attachment":[{"href":"https:\/\/copades.com\/monec\/index.php?rest_route=%2Fwp%2Fv2%2Fmedia&parent=7961"}],"wp:term":[{"taxonomy":"category","embeddable":true,"href":"https:\/\/copades.com\/monec\/index.php?rest_route=%2Fwp%2Fv2%2Fcategories&post=7961"},{"taxonomy":"post_tag","embeddable":true,"href":"https:\/\/copades.com\/monec\/index.php?rest_route=%2Fwp%2Fv2%2Ftags&post=7961"}],"curies":[{"name":"wp","href":"https:\/\/api.w.org\/{rel}","templated":true}]}}