{"id":8089,"date":"2013-07-27T15:48:43","date_gmt":"2013-07-27T15:48:43","guid":{"rendered":"http:\/\/copades.com\/monec\/?p=8089"},"modified":"2013-07-29T15:50:39","modified_gmt":"2013-07-29T15:50:39","slug":"agro-esta-a-la-expectativa-por-nuevo-vad","status":"publish","type":"post","link":"https:\/\/copades.com\/monec\/?p=8089","title":{"rendered":"Agro est\u00e1 a la expectativa por nuevo VAD"},"content":{"rendered":"<p style=\"text-align: justify;\">\u201cEse incremento (si se confirma) afectar\u00eda porque la mayor\u00eda de precios ha bajado en el mercado internacional\u201d, dice <strong>Santiago Molina<\/strong>, presidente de la C\u00e1mara del Agro, al referirse a un eventual aumento en el Valor Agregado de Distribuci\u00f3n (VAD). Seg\u00fan <strong>Molina<\/strong>, un alto porcentaje de productos agr\u00edcolas ha reportado bajas en los precios con relaci\u00f3n a 2012, y cita ejemplos como los del caf\u00e9 y el caucho, que ahora se cotizan al 50.0% de hace un a\u00f1o. (Siglo XXI 27.07.13)<\/p>\n","protected":false},"excerpt":{"rendered":"<p>\u201cEse incremento (si se confirma) afectar\u00eda porque la mayor\u00eda de precios ha bajado en el mercado internacional\u201d, dice Santiago Molina, presidente de la C\u00e1mara del Agro, al referirse a un eventual aumento en el&#46;&#46;&#46;<\/p>\n","protected":false},"author":1,"featured_media":0,"comment_status":"open","ping_status":"closed","sticky":false,"template":"","format":"standard","meta":{"footnotes":""},"categories":[5,10],"tags":[1239],"class_list":["post-8089","post","type-post","status-publish","format-standard","hentry","category-actividad-productiva","category-agricultura","tag-vad"],"_links":{"self":[{"href":"https:\/\/copades.com\/monec\/index.php?rest_route=\/wp\/v2\/posts\/8089","targetHints":{"allow":["GET"]}}],"collection":[{"href":"https:\/\/copades.com\/monec\/index.php?rest_route=\/wp\/v2\/posts"}],"about":[{"href":"https:\/\/copades.com\/monec\/index.php?rest_route=\/wp\/v2\/types\/post"}],"author":[{"embeddable":true,"href":"https:\/\/copades.com\/monec\/index.php?rest_route=\/wp\/v2\/users\/1"}],"replies":[{"embeddable":true,"href":"https:\/\/copades.com\/monec\/index.php?rest_route=%2Fwp%2Fv2%2Fcomments&post=8089"}],"version-history":[{"count":1,"href":"https:\/\/copades.com\/monec\/index.php?rest_route=\/wp\/v2\/posts\/8089\/revisions"}],"predecessor-version":[{"id":8090,"href":"https:\/\/copades.com\/monec\/index.php?rest_route=\/wp\/v2\/posts\/8089\/revisions\/8090"}],"wp:attachment":[{"href":"https:\/\/copades.com\/monec\/index.php?rest_route=%2Fwp%2Fv2%2Fmedia&parent=8089"}],"wp:term":[{"taxonomy":"category","embeddable":true,"href":"https:\/\/copades.com\/monec\/index.php?rest_route=%2Fwp%2Fv2%2Fcategories&post=8089"},{"taxonomy":"post_tag","embeddable":true,"href":"https:\/\/copades.com\/monec\/index.php?rest_route=%2Fwp%2Fv2%2Ftags&post=8089"}],"curies":[{"name":"wp","href":"https:\/\/api.w.org\/{rel}","templated":true}]}}