{"id":8663,"date":"2013-08-27T15:26:34","date_gmt":"2013-08-27T15:26:34","guid":{"rendered":"http:\/\/copades.com\/monec\/?p=8663"},"modified":"2013-08-27T15:26:34","modified_gmt":"2013-08-27T15:26:34","slug":"el-32-de-empleados-carece-de-seguro-social","status":"publish","type":"post","link":"https:\/\/copades.com\/monec\/?p=8663","title":{"rendered":"El 32% de empleados carece de seguro social"},"content":{"rendered":"<p style=\"text-align: justify;\">El 32.10% de trabajadores urbanos en Am\u00e9rica Latina y el Caribe carece de cobertura de seguridad social, sea salud o pensi\u00f3n, y menos de 5.0% puede acceder a un seguro de desempleo, inform\u00f3 el 26 de agosto, en Lima la Organizaci\u00f3n Internacional del Trabajo (OIT). Los niveles de cobertura de protecci\u00f3n social para los trabajadores urbanos alcanza al 67.90% ya sea en salud, en pensiones o en ambas, precis\u00f3 el documento presentado por la OIT durante el seminario \u201cEl rol de los Pisos de Protecci\u00f3n Social en los sistemas integrales de seguridad social en Am\u00e9rica Latina y el Caribe\u201d, que re\u00fane hasta el 27 de agosto a expertos en la capital peruana. El informe se\u00f1al\u00f3, sin precisar cu\u00e1les, que solo siete pa\u00edses de Am\u00e9rica Latina y tres del Caribe cuentan con seguros de desempleo para mantener los ingresos de los trabajadores que quedan desocupados y menos de 5.0% de los trabajadores de la regi\u00f3n pueden recibir las prestaciones de un seguro de desempleo. (Prensa Libre 27.08.13)<\/p>\n","protected":false},"excerpt":{"rendered":"<p>El 32.10% de trabajadores urbanos en Am\u00e9rica Latina y el Caribe carece de cobertura de seguridad social, sea salud o pensi\u00f3n, y menos de 5.0% puede acceder a un seguro de desempleo, inform\u00f3 el&#46;&#46;&#46;<\/p>\n","protected":false},"author":1,"featured_media":0,"comment_status":"open","ping_status":"closed","sticky":false,"template":"","format":"standard","meta":{"footnotes":""},"categories":[55],"tags":[494],"class_list":["post-8663","post","type-post","status-publish","format-standard","hentry","category-internacionales-seleccion","tag-oit"],"_links":{"self":[{"href":"https:\/\/copades.com\/monec\/index.php?rest_route=\/wp\/v2\/posts\/8663","targetHints":{"allow":["GET"]}}],"collection":[{"href":"https:\/\/copades.com\/monec\/index.php?rest_route=\/wp\/v2\/posts"}],"about":[{"href":"https:\/\/copades.com\/monec\/index.php?rest_route=\/wp\/v2\/types\/post"}],"author":[{"embeddable":true,"href":"https:\/\/copades.com\/monec\/index.php?rest_route=\/wp\/v2\/users\/1"}],"replies":[{"embeddable":true,"href":"https:\/\/copades.com\/monec\/index.php?rest_route=%2Fwp%2Fv2%2Fcomments&post=8663"}],"version-history":[{"count":1,"href":"https:\/\/copades.com\/monec\/index.php?rest_route=\/wp\/v2\/posts\/8663\/revisions"}],"predecessor-version":[{"id":8664,"href":"https:\/\/copades.com\/monec\/index.php?rest_route=\/wp\/v2\/posts\/8663\/revisions\/8664"}],"wp:attachment":[{"href":"https:\/\/copades.com\/monec\/index.php?rest_route=%2Fwp%2Fv2%2Fmedia&parent=8663"}],"wp:term":[{"taxonomy":"category","embeddable":true,"href":"https:\/\/copades.com\/monec\/index.php?rest_route=%2Fwp%2Fv2%2Fcategories&post=8663"},{"taxonomy":"post_tag","embeddable":true,"href":"https:\/\/copades.com\/monec\/index.php?rest_route=%2Fwp%2Fv2%2Ftags&post=8663"}],"curies":[{"name":"wp","href":"https:\/\/api.w.org\/{rel}","templated":true}]}}