{"id":8724,"date":"2013-08-30T16:24:18","date_gmt":"2013-08-30T16:24:18","guid":{"rendered":"http:\/\/copades.com\/monec\/?p=8724"},"modified":"2013-08-30T16:24:18","modified_gmt":"2013-08-30T16:24:18","slug":"cuestionan-plan-de-vision-2032","status":"publish","type":"post","link":"https:\/\/copades.com\/monec\/?p=8724","title":{"rendered":"Cuestionan plan de visi\u00f3n 2032"},"content":{"rendered":"<p style=\"text-align: justify;\">Para desarrollar los centros urbanos del pa\u00eds y que menos personas vivan en pobreza, la Secretar\u00eda de Planificaci\u00f3n y Programaci\u00f3n de la Presidencia (SEGEPL\u00c1N), propuso el 29 de agosto, impulsar pol\u00edticas de apoyo para ampliar la clase media y clase media baja; sin embargo, los planes fueron calificados por analistas como poco realistas. El proyecto llamado \u201cK\u2019atun, nuestra guatemala al 2032\u201d, fue presentado a los afiliados a la C\u00e1mara de la Construcci\u00f3n, sector que cuestion\u00f3 la falta de leyes y medidas, entre ellas, el cr\u00e9dito que permita un plan de esa naturaleza. <strong>Hugo G\u00f3mez<\/strong>, subsecretario de SEGEPL\u00c1N, explic\u00f3 que el plan es una visi\u00f3n para los pr\u00f3ximos 20 a\u00f1os para reducir la pobreza y fortalecer la clase media. Agreg\u00f3 que la medida pretende centrar el desarrollo de la clase trabajadora y a microempresarios para que comiencen a tener excedentes de producci\u00f3n y dejen la subsistencia. (Prensa Libre 30.08.13)<\/p>\n","protected":false},"excerpt":{"rendered":"<p>Para desarrollar los centros urbanos del pa\u00eds y que menos personas vivan en pobreza, la Secretar\u00eda de Planificaci\u00f3n y Programaci\u00f3n de la Presidencia (SEGEPL\u00c1N), propuso el 29 de agosto, impulsar pol\u00edticas de apoyo para&#46;&#46;&#46;<\/p>\n","protected":false},"author":1,"featured_media":0,"comment_status":"open","ping_status":"closed","sticky":false,"template":"","format":"standard","meta":{"footnotes":""},"categories":[9,5],"tags":[582],"class_list":["post-8724","post","type-post","status-publish","format-standard","hentry","category-actividad-productiva-actividad-productiva","category-actividad-productiva","tag-segeplan"],"_links":{"self":[{"href":"https:\/\/copades.com\/monec\/index.php?rest_route=\/wp\/v2\/posts\/8724","targetHints":{"allow":["GET"]}}],"collection":[{"href":"https:\/\/copades.com\/monec\/index.php?rest_route=\/wp\/v2\/posts"}],"about":[{"href":"https:\/\/copades.com\/monec\/index.php?rest_route=\/wp\/v2\/types\/post"}],"author":[{"embeddable":true,"href":"https:\/\/copades.com\/monec\/index.php?rest_route=\/wp\/v2\/users\/1"}],"replies":[{"embeddable":true,"href":"https:\/\/copades.com\/monec\/index.php?rest_route=%2Fwp%2Fv2%2Fcomments&post=8724"}],"version-history":[{"count":1,"href":"https:\/\/copades.com\/monec\/index.php?rest_route=\/wp\/v2\/posts\/8724\/revisions"}],"predecessor-version":[{"id":8725,"href":"https:\/\/copades.com\/monec\/index.php?rest_route=\/wp\/v2\/posts\/8724\/revisions\/8725"}],"wp:attachment":[{"href":"https:\/\/copades.com\/monec\/index.php?rest_route=%2Fwp%2Fv2%2Fmedia&parent=8724"}],"wp:term":[{"taxonomy":"category","embeddable":true,"href":"https:\/\/copades.com\/monec\/index.php?rest_route=%2Fwp%2Fv2%2Fcategories&post=8724"},{"taxonomy":"post_tag","embeddable":true,"href":"https:\/\/copades.com\/monec\/index.php?rest_route=%2Fwp%2Fv2%2Ftags&post=8724"}],"curies":[{"name":"wp","href":"https:\/\/api.w.org\/{rel}","templated":true}]}}