{"id":8974,"date":"2013-09-13T17:07:05","date_gmt":"2013-09-13T17:07:05","guid":{"rendered":"http:\/\/copades.com\/monec\/?p=8974"},"modified":"2013-09-16T17:07:59","modified_gmt":"2013-09-16T17:07:59","slug":"impulsan-congreso-internacional-de-ciencia","status":"publish","type":"post","link":"https:\/\/copades.com\/monec\/?p=8974","title":{"rendered":"Impulsan congreso internacional de ciencia"},"content":{"rendered":"<p style=\"text-align: justify;\">El Primer Congreso Internacional de Ciencia, Tecnolog\u00eda e Innovaci\u00f3n se llevar\u00e1 a cabo del 23 al 26 de septiembre, el cual es organizado por el Consejo Nacional de Ciencia y Tecnolog\u00eda (CONCYT), en lugar de la Semana de la tecnolog\u00eda y Converciencia. Uno de los objetivos es que el pa\u00eds mejore en el\u00a0<em>ranking<\/em>\u00a0regional, en el que se ubica en el pen\u00faltimo lugar. \u201cLa inversi\u00f3n en temas tecnol\u00f3gicos ha sido de 0.05% con relaci\u00f3n al Producto Interno Bruto (PIB)\u201d, indic\u00f3 <strong>Miriam Rubio<\/strong>, secretaria de CONCYT. Sin embargo, esta calificaci\u00f3n podr\u00eda subir en 2014 a 0.50%, pues no se ha tomado en cuenta la inversi\u00f3n privada, refiri\u00f3. (Siglo XXI 13.09.13)<\/p>\n","protected":false},"excerpt":{"rendered":"<p>El Primer Congreso Internacional de Ciencia, Tecnolog\u00eda e Innovaci\u00f3n se llevar\u00e1 a cabo del 23 al 26 de septiembre, el cual es organizado por el Consejo Nacional de Ciencia y Tecnolog\u00eda (CONCYT), en lugar&#46;&#46;&#46;<\/p>\n","protected":false},"author":1,"featured_media":0,"comment_status":"open","ping_status":"closed","sticky":false,"template":"","format":"standard","meta":{"footnotes":""},"categories":[5,21],"tags":[1601],"class_list":["post-8974","post","type-post","status-publish","format-standard","hentry","category-actividad-productiva","category-telecomunicaciones","tag-concyt"],"_links":{"self":[{"href":"https:\/\/copades.com\/monec\/index.php?rest_route=\/wp\/v2\/posts\/8974","targetHints":{"allow":["GET"]}}],"collection":[{"href":"https:\/\/copades.com\/monec\/index.php?rest_route=\/wp\/v2\/posts"}],"about":[{"href":"https:\/\/copades.com\/monec\/index.php?rest_route=\/wp\/v2\/types\/post"}],"author":[{"embeddable":true,"href":"https:\/\/copades.com\/monec\/index.php?rest_route=\/wp\/v2\/users\/1"}],"replies":[{"embeddable":true,"href":"https:\/\/copades.com\/monec\/index.php?rest_route=%2Fwp%2Fv2%2Fcomments&post=8974"}],"version-history":[{"count":1,"href":"https:\/\/copades.com\/monec\/index.php?rest_route=\/wp\/v2\/posts\/8974\/revisions"}],"predecessor-version":[{"id":8975,"href":"https:\/\/copades.com\/monec\/index.php?rest_route=\/wp\/v2\/posts\/8974\/revisions\/8975"}],"wp:attachment":[{"href":"https:\/\/copades.com\/monec\/index.php?rest_route=%2Fwp%2Fv2%2Fmedia&parent=8974"}],"wp:term":[{"taxonomy":"category","embeddable":true,"href":"https:\/\/copades.com\/monec\/index.php?rest_route=%2Fwp%2Fv2%2Fcategories&post=8974"},{"taxonomy":"post_tag","embeddable":true,"href":"https:\/\/copades.com\/monec\/index.php?rest_route=%2Fwp%2Fv2%2Ftags&post=8974"}],"curies":[{"name":"wp","href":"https:\/\/api.w.org\/{rel}","templated":true}]}}