{"id":9309,"date":"2013-10-02T16:56:07","date_gmt":"2013-10-02T16:56:07","guid":{"rendered":"http:\/\/copades.com\/monec\/?p=9309"},"modified":"2013-10-02T16:56:07","modified_gmt":"2013-10-02T16:56:07","slug":"subnutricion-afecta-al-pais","status":"publish","type":"post","link":"https:\/\/copades.com\/monec\/?p=9309","title":{"rendered":"Subnutrici\u00f3n afecta al pa\u00eds"},"content":{"rendered":"<p style=\"text-align: justify;\">En el pa\u00eds hay 4.6 millones de personas subnutridas, seg\u00fan un informe de la Organizaci\u00f3n de las Naciones Unidas para la Alimentaci\u00f3n y la Agricultura (FAO), publicado el 01 de octubre. El reporte \u201cEl estado de la inseguridad alimentaria en el mundo\u201d refleja que Guatemala es uno de los tres pa\u00edses de Am\u00e9rica Latina que no cumplir\u00e1 con el objetivo del milenio n\u00famero 1 (ODM1), que consiste en reducir a la mitad, entre 1990 y el 2015, el porcentaje de personas que padecen hambre. Seg\u00fan las cifras que se presentan en el estudio, Guatemala duplica el porcentaje promedio de poblaci\u00f3n que padece subnutrici\u00f3n, que es de 14.30%, pues en el pa\u00eds el problema alcanza al 30.50%. En los datos del informe se refleja el incremento de la subnutrici\u00f3n en el pa\u00eds, de 1990 al 2013, pues esta comenz\u00f3 con 16.90% de poblaci\u00f3n afectada, lo que se traduce en 1.5 millones de personas. (Prensa Libre 02.10.13)<\/p>\n","protected":false},"excerpt":{"rendered":"<p>En el pa\u00eds hay 4.6 millones de personas subnutridas, seg\u00fan un informe de la Organizaci\u00f3n de las Naciones Unidas para la Alimentaci\u00f3n y la Agricultura (FAO), publicado el 01 de octubre. El reporte \u201cEl&#46;&#46;&#46;<\/p>\n","protected":false},"author":1,"featured_media":0,"comment_status":"open","ping_status":"closed","sticky":false,"template":"","format":"standard","meta":{"footnotes":""},"categories":[49],"tags":[82],"class_list":["post-9309","post","type-post","status-publish","format-standard","hentry","category-poblacion-empleos-y-salarios","tag-fao"],"_links":{"self":[{"href":"https:\/\/copades.com\/monec\/index.php?rest_route=\/wp\/v2\/posts\/9309","targetHints":{"allow":["GET"]}}],"collection":[{"href":"https:\/\/copades.com\/monec\/index.php?rest_route=\/wp\/v2\/posts"}],"about":[{"href":"https:\/\/copades.com\/monec\/index.php?rest_route=\/wp\/v2\/types\/post"}],"author":[{"embeddable":true,"href":"https:\/\/copades.com\/monec\/index.php?rest_route=\/wp\/v2\/users\/1"}],"replies":[{"embeddable":true,"href":"https:\/\/copades.com\/monec\/index.php?rest_route=%2Fwp%2Fv2%2Fcomments&post=9309"}],"version-history":[{"count":1,"href":"https:\/\/copades.com\/monec\/index.php?rest_route=\/wp\/v2\/posts\/9309\/revisions"}],"predecessor-version":[{"id":9310,"href":"https:\/\/copades.com\/monec\/index.php?rest_route=\/wp\/v2\/posts\/9309\/revisions\/9310"}],"wp:attachment":[{"href":"https:\/\/copades.com\/monec\/index.php?rest_route=%2Fwp%2Fv2%2Fmedia&parent=9309"}],"wp:term":[{"taxonomy":"category","embeddable":true,"href":"https:\/\/copades.com\/monec\/index.php?rest_route=%2Fwp%2Fv2%2Fcategories&post=9309"},{"taxonomy":"post_tag","embeddable":true,"href":"https:\/\/copades.com\/monec\/index.php?rest_route=%2Fwp%2Fv2%2Ftags&post=9309"}],"curies":[{"name":"wp","href":"https:\/\/api.w.org\/{rel}","templated":true}]}}